{"id":2608,"date":"2006-09-13T16:18:07","date_gmt":"2006-09-13T14:18:07","guid":{"rendered":"http:\/\/www.popkulturjunkie.de\/wp\/?p=2608"},"modified":"2006-09-13T16:48:38","modified_gmt":"2006-09-13T14:48:38","slug":"zwei-fernsehempfehlungen","status":"publish","type":"post","link":"http:\/\/www.popkulturjunkie.de\/wp\/?p=2608","title":{"rendered":"zwei fernsehempfehlungen."},"content":{"rendered":"<p>Am Freitag den 22. September sollte man das ZDF einschalten, besser gesagt in der Nacht vom Donnerstag auf den Freitag. Um Mitternacht laufen dann 3 Stunden &#8220;Wir sind Zukunft &#8211; Jugend 2006&#8221;. In Reportagen und Talks soll die Jugend der Gegenwart zu Wort kommen. Und das Beste: Moderiert wird die Sache vom gro\u00c3\u0178artigen Gert Scobel und der noch gro\u00c3\u0178artigeren Charlotte Roche.<\/p>\n<p>Etwas noch tolleres gibt es am Donnerstag, den 28. September auf arte: Um 22.40 starten 90 Minuten &#8220;<a href=\"http:\/\/www.arte.tv\/de\/kunst-musik\/Placebo-Franz-Ferdinand\/Placebo_20_2F_20Franz_20Ferdinand\/1302758.html\">Placebo &#038; Franz Ferdinand on Tour<\/a>&#8220;. Eine Reportage \u00c3\u00bcber die Festival-Tourneen der beiden Bands. Interviews, Backstagebilder, Konzertausschnitte. Tolltolltoll. <a href=\"http:\/\/www.arte.tv\/de\/kunst-musik\/Placebo-Franz-Ferdinand\/Placebo_20_2F_20Franz_20Ferdinand\/1302878.html\"> Bei arte<\/a> gibt es dazu auch schon fast 30 Minuten Ausschnitte als Stream. Wer \u00c3\u00bcbrigens den fabelhaften Rock-am-Ring-Auftritt von Placebo immer noch nicht gesehen hat: Am 23. September (Samstags) um 20 Uhr auf MTV und am 1. bzw. 2 Oktober auf Eins festival im &#8220;Rockpalast&#8221;.<\/p>\n","protected":false},"excerpt":{"rendered":"<p>Am Freitag den 22. September sollte man das ZDF einschalten, besser gesagt in der Nacht vom Donnerstag auf den Freitag. Um Mitternacht laufen dann 3 Stunden &#8220;Wir sind Zukunft &#8211; Jugend 2006&#8221;. In Reportagen und Talks soll die Jugend der Gegenwart zu Wort kommen. Und das Beste: Moderiert wird die Sache vom gro\u00c3\u0178artigen Gert Scobel [&hellip;]<\/p>\n","protected":false},"author":1,"featured_media":0,"comment_status":"open","ping_status":"open","sticky":false,"template":"","format":"standard","meta":{"footnotes":""},"categories":[],"tags":[],"_links":{"self":[{"href":"http:\/\/www.popkulturjunkie.de\/wp\/index.php?rest_route=\/wp\/v2\/posts\/2608"}],"collection":[{"href":"http:\/\/www.popkulturjunkie.de\/wp\/index.php?rest_route=\/wp\/v2\/posts"}],"about":[{"href":"http:\/\/www.popkulturjunkie.de\/wp\/index.php?rest_route=\/wp\/v2\/types\/post"}],"author":[{"embeddable":true,"href":"http:\/\/www.popkulturjunkie.de\/wp\/index.php?rest_route=\/wp\/v2\/users\/1"}],"replies":[{"embeddable":true,"href":"http:\/\/www.popkulturjunkie.de\/wp\/index.php?rest_route=%2Fwp%2Fv2%2Fcomments&post=2608"}],"version-history":[{"count":0,"href":"http:\/\/www.popkulturjunkie.de\/wp\/index.php?rest_route=\/wp\/v2\/posts\/2608\/revisions"}],"wp:attachment":[{"href":"http:\/\/www.popkulturjunkie.de\/wp\/index.php?rest_route=%2Fwp%2Fv2%2Fmedia&parent=2608"}],"wp:term":[{"taxonomy":"category","embeddable":true,"href":"http:\/\/www.popkulturjunkie.de\/wp\/index.php?rest_route=%2Fwp%2Fv2%2Fcategories&post=2608"},{"taxonomy":"post_tag","embeddable":true,"href":"http:\/\/www.popkulturjunkie.de\/wp\/index.php?rest_route=%2Fwp%2Fv2%2Ftags&post=2608"}],"curies":[{"name":"wp","href":"https:\/\/api.w.org\/{rel}","templated":true}]}}