{"id":2709,"date":"2006-11-28T11:16:11","date_gmt":"2006-11-28T10:16:11","guid":{"rendered":"http:\/\/www.popkulturjunkie.de\/wp\/?p=2709"},"modified":"2006-11-28T21:13:31","modified_gmt":"2006-11-28T20:13:31","slug":"bundesvision-song-contest-2007","status":"publish","type":"post","link":"http:\/\/www.popkulturjunkie.de\/wp\/?p=2709","title":{"rendered":"&#8220;bundesvision song contest 2007&#8221;."},"content":{"rendered":"<p>Eben <a href=\"http:\/\/www.presseportal.de\/story.htx?nr=907238\">per Pressemitteilung<\/a> verk\u00c3\u00bcndet: die Kandidaten von Stefan Raabs &#8220;Bundesvision Song Contest 2007&#8221; stehen fest. Klingt wieder danach, als w\u00c3\u00bcrde es ein unterhaltsamer Abend werden, u.a. mit dem Solo-Deb\u00c3\u00bct des Ex-Echt-S\u00c3\u00a4ngers Kim Frank und den Favoriten Mia, Jan Delay und Oomph. Hier sind die Teilnehmer:<\/p>\n<p>&#8211; Baden-W\u00c3\u00bcrttemberg: Tele &#8211; &#8220;mario&#8221;<br \/>\n&#8211; Bayern: Anajo &#8211; &#8220;wenn du nur w\u00c3\u00bcsstest&#8221;<br \/>\n&#8211; Berlin: Mia &#8211; &#8220;zirkus&#8221;<br \/>\n&#8211; Brandenburg: Beatplanet &#8211; &#8220;dreh dich um und geh&#8221;<br \/>\n&#8211; Bremen: Lea Finn &#8211; &#8220;ich wei\u00c3\u0178 und du wei\u00c3\u0178t&#8221;<br \/>\n&#8211; Hamburg: Jan Delay &#8211; &#8220;feuer&#8221;<br \/>\n&#8211; Hessen: D-Flame &#8211; &#8220;mom song&#8221;<br \/>\n&#8211; Mecklenburg-Vorpommern: Melotron &#8211; &#8220;das herz&#8221;<br \/>\n&#8211; Niedersachsen: Oomph! feat. Marta Jandov\u00c3\u00a1 &#8211; &#8220;tr\u00c3\u00a4umst du?&#8221;<br \/>\n&#8211; Nordrhein-Westfalen: Pohlmann &#8211; &#8220;m\u00c3\u00a4dchen und rabauken&#8221;<br \/>\n&#8211; Rheinland-Pfalz: Kalle feat. M.A.R.S. Allstars &#8211; &#8220;aber nice&#8221;<br \/>\n&#8211; Saarland: B-Stringed Butterfly &#8211; &#8220;liebe&#8221;<br \/>\n&#8211; Sachsen: Manja &#8211; &#8220;es ist die liebe&#8221;<br \/>\n&#8211; Sachsen-Anhalt: Jenna+Ron &#8211; &#8220;jung und willig&#8221;<br \/>\n&#8211; Schleswig-Holstein: Kim Frank &#8211; &#8220;lara&#8221;<br \/>\n&#8211; Th\u00c3\u00bcringen: Nothern Lite feat. Chapeau Claque &#8211; &#8220;enemy&#8221;<\/p>\n<p>Der &#8220;Bundesvision Song Contest&#8221; findet am 10. Februar in Berlin statt, l\u00c3\u00a4uft bei ProSieben und wird bei &#8220;popkulturjunkie.de&#8221; nat\u00c3\u00bcrlich wie in jedem Jahr live begleitet.<\/p>\n","protected":false},"excerpt":{"rendered":"<p>Eben per Pressemitteilung verk\u00c3\u00bcndet: die Kandidaten von Stefan Raabs &#8220;Bundesvision Song Contest 2007&#8221; stehen fest. Klingt wieder danach, als w\u00c3\u00bcrde es ein unterhaltsamer Abend werden, u.a. mit dem Solo-Deb\u00c3\u00bct des Ex-Echt-S\u00c3\u00a4ngers Kim Frank und den Favoriten Mia, Jan Delay und Oomph. Hier sind die Teilnehmer: &#8211; Baden-W\u00c3\u00bcrttemberg: Tele &#8211; &#8220;mario&#8221; &#8211; Bayern: Anajo &#8211; &#8220;wenn [&hellip;]<\/p>\n","protected":false},"author":1,"featured_media":0,"comment_status":"open","ping_status":"open","sticky":false,"template":"","format":"standard","meta":{"footnotes":""},"categories":[],"tags":[],"_links":{"self":[{"href":"http:\/\/www.popkulturjunkie.de\/wp\/index.php?rest_route=\/wp\/v2\/posts\/2709"}],"collection":[{"href":"http:\/\/www.popkulturjunkie.de\/wp\/index.php?rest_route=\/wp\/v2\/posts"}],"about":[{"href":"http:\/\/www.popkulturjunkie.de\/wp\/index.php?rest_route=\/wp\/v2\/types\/post"}],"author":[{"embeddable":true,"href":"http:\/\/www.popkulturjunkie.de\/wp\/index.php?rest_route=\/wp\/v2\/users\/1"}],"replies":[{"embeddable":true,"href":"http:\/\/www.popkulturjunkie.de\/wp\/index.php?rest_route=%2Fwp%2Fv2%2Fcomments&post=2709"}],"version-history":[{"count":0,"href":"http:\/\/www.popkulturjunkie.de\/wp\/index.php?rest_route=\/wp\/v2\/posts\/2709\/revisions"}],"wp:attachment":[{"href":"http:\/\/www.popkulturjunkie.de\/wp\/index.php?rest_route=%2Fwp%2Fv2%2Fmedia&parent=2709"}],"wp:term":[{"taxonomy":"category","embeddable":true,"href":"http:\/\/www.popkulturjunkie.de\/wp\/index.php?rest_route=%2Fwp%2Fv2%2Fcategories&post=2709"},{"taxonomy":"post_tag","embeddable":true,"href":"http:\/\/www.popkulturjunkie.de\/wp\/index.php?rest_route=%2Fwp%2Fv2%2Ftags&post=2709"}],"curies":[{"name":"wp","href":"https:\/\/api.w.org\/{rel}","templated":true}]}}