{"id":2761,"date":"2006-12-27T16:04:49","date_gmt":"2006-12-27T15:04:49","guid":{"rendered":"http:\/\/www.popkulturjunkie.de\/wp\/?p=2761"},"modified":"2006-12-27T16:05:40","modified_gmt":"2006-12-27T15:05:40","slug":"ich-blogge-ein-blog-mit-blogs-voll","status":"publish","type":"post","link":"http:\/\/www.popkulturjunkie.de\/wp\/?p=2761","title":{"rendered":"ich blogge ein blog mit blogs voll."},"content":{"rendered":"<p>Nachdem es schon keinen Sinn hatte, den Menschen zu erz\u00c3\u00a4hlen, dass es DAS Blog hei\u00c3\u0178t und nicht DER Blog, erschrecke ich neuerdings immer mehr, dass das Wort Blog eine neue Bedeutung bekommt. Immer \u00c3\u00b6fter erz\u00c3\u00a4hlen Leute davon, mehrere Blogs in der Woche zu schreiben. Was sie eigentlich meinen, sind Blog-Eintr\u00c3\u00a4ge. Der stellvertretende &#8220;Tagesschau&#8221;-Chefredakteur Thomas Hinrichs heute auch: &#8220;Wir hoffen, auf vier bis f\u00c3\u00bcnf Blogs pro Woche zu kommen &#8211; versprechen k\u00c3\u00b6nnen wir das aber nicht.&#8221; Klingt seltsam. Ich hoffe, dass sich das nicht verselbstst\u00c3\u00a4ndigt. Sonst h\u00c3\u00a4tte ich ja allein schon bei &#8220;popkulturjunkie.de&#8221; \u00c3\u00bcber 2.700 Blogs gebloggt.<\/p>\n<p>Die Tatsache an sich, <a href=\"http:\/\/www.presseportal.de\/story.htx?nr=919929\">dass die &#8220;Tagesschau&#8221;-Chefredakteure Kai Gniffke und Thomas Hinrichs ab 2. Januar bloggen wollen<\/a>, ist nat\u00c3\u00bcrlich trotz der sprachlichen M\u00c3\u00a4ngel in der Pressemitteilung nur zu bef\u00c3\u00bcrworten. Wenn sie das gut machen, k\u00c3\u00b6nnte das eine spannende und lesenswerte Sache werden.<\/p>\n","protected":false},"excerpt":{"rendered":"<p>Nachdem es schon keinen Sinn hatte, den Menschen zu erz\u00c3\u00a4hlen, dass es DAS Blog hei\u00c3\u0178t und nicht DER Blog, erschrecke ich neuerdings immer mehr, dass das Wort Blog eine neue Bedeutung bekommt. Immer \u00c3\u00b6fter erz\u00c3\u00a4hlen Leute davon, mehrere Blogs in der Woche zu schreiben. Was sie eigentlich meinen, sind Blog-Eintr\u00c3\u00a4ge. Der stellvertretende &#8220;Tagesschau&#8221;-Chefredakteur Thomas Hinrichs [&hellip;]<\/p>\n","protected":false},"author":1,"featured_media":0,"comment_status":"open","ping_status":"open","sticky":false,"template":"","format":"standard","meta":{"footnotes":""},"categories":[],"tags":[],"_links":{"self":[{"href":"http:\/\/www.popkulturjunkie.de\/wp\/index.php?rest_route=\/wp\/v2\/posts\/2761"}],"collection":[{"href":"http:\/\/www.popkulturjunkie.de\/wp\/index.php?rest_route=\/wp\/v2\/posts"}],"about":[{"href":"http:\/\/www.popkulturjunkie.de\/wp\/index.php?rest_route=\/wp\/v2\/types\/post"}],"author":[{"embeddable":true,"href":"http:\/\/www.popkulturjunkie.de\/wp\/index.php?rest_route=\/wp\/v2\/users\/1"}],"replies":[{"embeddable":true,"href":"http:\/\/www.popkulturjunkie.de\/wp\/index.php?rest_route=%2Fwp%2Fv2%2Fcomments&post=2761"}],"version-history":[{"count":0,"href":"http:\/\/www.popkulturjunkie.de\/wp\/index.php?rest_route=\/wp\/v2\/posts\/2761\/revisions"}],"wp:attachment":[{"href":"http:\/\/www.popkulturjunkie.de\/wp\/index.php?rest_route=%2Fwp%2Fv2%2Fmedia&parent=2761"}],"wp:term":[{"taxonomy":"category","embeddable":true,"href":"http:\/\/www.popkulturjunkie.de\/wp\/index.php?rest_route=%2Fwp%2Fv2%2Fcategories&post=2761"},{"taxonomy":"post_tag","embeddable":true,"href":"http:\/\/www.popkulturjunkie.de\/wp\/index.php?rest_route=%2Fwp%2Fv2%2Ftags&post=2761"}],"curies":[{"name":"wp","href":"https:\/\/api.w.org\/{rel}","templated":true}]}}