{"id":2869,"date":"2007-02-12T21:13:10","date_gmt":"2007-02-12T20:13:10","guid":{"rendered":"http:\/\/www.popkulturjunkie.de\/wp\/?p=2869"},"modified":"2007-02-12T21:13:10","modified_gmt":"2007-02-12T20:13:10","slug":"tv-test-der-comedy-flusterer","status":"publish","type":"post","link":"http:\/\/www.popkulturjunkie.de\/wp\/?p=2869","title":{"rendered":"tv-test: &#8220;der comedy-fl\u00c3\u00bcsterer&#8221;."},"content":{"rendered":"<p>Format: &#8220;Der Comedy-Fl\u00c3\u00bcsterer&#8221;<br \/>\nSender: kabel eins<br \/>\nProduktion: Granada Produktion f\u00c3\u00bcr Film und Fernsehen<br \/>\nGenre: Comedyshow<br \/>\nProgrammplatz: montags, 20.15 Uhr<br \/>\nFrequenz: vorerst 10 Folgen<br \/>\nDauer: 60 Minuten<br \/>\nStart: 12. Februar 2007<\/p>\n<p>Kritik: Ich mag ja Sendungen \u00c3\u00bcberhaupt nicht, die aus Versatzst\u00c3\u00bccken anderer Formate zusammengekl\u00c3\u00b6ppelt wurden. Hier der neueste Fall: Man nehme die gute alte &#8220;Versteckte Kamera&#8221; und reichere Sie mit aus der &#8220;Schillerstra\u00c3\u0178e&#8221; bekannten Anweisungen per Kopfh\u00c3\u00b6rer an. Heraus kommt &#8220;Der Comedy-Fl\u00c3\u00bcsterer&#8221;. Mike Kr\u00c3\u00bcger moderiert (mal belanglos, mal peinlich zotig) die Show, in der jeweils zwei Promis (in der Premierenepisode Jeanette Biedermann und Tetje Mierendorf) irgendwelche Leute reinlegen (Blumenverk\u00c3\u00a4ufer, Yogalehrerinnen, &#8230;). Kr\u00c3\u00bcger gibt w\u00c3\u00a4hrend der Aktionen Anweiseungne per Knopf im Ohr. Leider ist die Show v\u00c3\u00b6llig in die L\u00c3\u00a4nge gezogen und komplett unkomisch. Die Promis und Herr Kr\u00c3\u00bcger finden das gar nicht und lachen sich in den Pausen zwischen den Versteckte-Kamera-Schnipseln im Studio kaputt. Am Ende der Sendung wird \u00c3\u00bcberfl\u00c3\u00bcssigerweise auch noch der &#8220;Lockvogel der Woche&#8221; bestimmt. Meiner Meinung nach sollte kabel eins lieber wieder alte Serien und Filme zeigen, statt solchen Belanglosigkeiten.<\/p>\n<p>Wertung: 3 von 10 Punkten.<\/p>\n","protected":false},"excerpt":{"rendered":"<p>Format: &#8220;Der Comedy-Fl\u00c3\u00bcsterer&#8221; Sender: kabel eins Produktion: Granada Produktion f\u00c3\u00bcr Film und Fernsehen Genre: Comedyshow Programmplatz: montags, 20.15 Uhr Frequenz: vorerst 10 Folgen Dauer: 60 Minuten Start: 12. Februar 2007 Kritik: Ich mag ja Sendungen \u00c3\u00bcberhaupt nicht, die aus Versatzst\u00c3\u00bccken anderer Formate zusammengekl\u00c3\u00b6ppelt wurden. Hier der neueste Fall: Man nehme die gute alte &#8220;Versteckte Kamera&#8221; [&hellip;]<\/p>\n","protected":false},"author":1,"featured_media":0,"comment_status":"open","ping_status":"open","sticky":false,"template":"","format":"standard","meta":{"footnotes":""},"categories":[],"tags":[],"_links":{"self":[{"href":"http:\/\/www.popkulturjunkie.de\/wp\/index.php?rest_route=\/wp\/v2\/posts\/2869"}],"collection":[{"href":"http:\/\/www.popkulturjunkie.de\/wp\/index.php?rest_route=\/wp\/v2\/posts"}],"about":[{"href":"http:\/\/www.popkulturjunkie.de\/wp\/index.php?rest_route=\/wp\/v2\/types\/post"}],"author":[{"embeddable":true,"href":"http:\/\/www.popkulturjunkie.de\/wp\/index.php?rest_route=\/wp\/v2\/users\/1"}],"replies":[{"embeddable":true,"href":"http:\/\/www.popkulturjunkie.de\/wp\/index.php?rest_route=%2Fwp%2Fv2%2Fcomments&post=2869"}],"version-history":[{"count":0,"href":"http:\/\/www.popkulturjunkie.de\/wp\/index.php?rest_route=\/wp\/v2\/posts\/2869\/revisions"}],"wp:attachment":[{"href":"http:\/\/www.popkulturjunkie.de\/wp\/index.php?rest_route=%2Fwp%2Fv2%2Fmedia&parent=2869"}],"wp:term":[{"taxonomy":"category","embeddable":true,"href":"http:\/\/www.popkulturjunkie.de\/wp\/index.php?rest_route=%2Fwp%2Fv2%2Fcategories&post=2869"},{"taxonomy":"post_tag","embeddable":true,"href":"http:\/\/www.popkulturjunkie.de\/wp\/index.php?rest_route=%2Fwp%2Fv2%2Ftags&post=2869"}],"curies":[{"name":"wp","href":"https:\/\/api.w.org\/{rel}","templated":true}]}}