{"id":3168,"date":"2007-07-18T16:36:29","date_gmt":"2007-07-18T14:36:29","guid":{"rendered":"http:\/\/www.popkulturjunkie.de\/wp\/?p=3168"},"modified":"2007-07-18T16:40:22","modified_gmt":"2007-07-18T14:40:22","slug":"lacherlich-oder-konsequent","status":"publish","type":"post","link":"http:\/\/www.popkulturjunkie.de\/wp\/?p=3168","title":{"rendered":"l\u00c3\u00a4cherlich oder konsequent?"},"content":{"rendered":"<p>Keine Angst, das wird hier kein Generalisten-Blog zu allem, was gerade durch die Medien schwirrt. Aber auch zur ARD\/ZDF-Doping-Geschichte m\u00c3\u00b6chte ich ein paar Dinge sagen. Mir missf\u00c3\u00a4llt n\u00c3\u00a4mlich, dass den \u00c3\u2013ffentlich-Rechtlichen vorgeworfen wird, inkonsequent, sogar <a href=\"http:\/\/blog.handelsblatt.de\/indiskretion\/eintrag.php?id=1412\">l\u00c3\u00a4cherlich<\/a> und &#8220;quotengeil&#8221; zu agieren, weil sie die Tour-de-France-\u00c3\u0153bertragungen bis auf Weiteres beendet haben. Mit Verlaub: Das ist meiner Meinung nach ziemlicher Bl\u00c3\u00b6dsinn. Bei ARD und ZDF haben sicher zu oft Entscheidungen mit einem solchen Schielen auf die Quote zu tun. Aber in diesem Fall halte ich einen solchen Vorwurf f\u00c3\u00bcr absurd. Wenn man mitten in der Tour de France sein komplettes Nachmittagsprogramm umschmei\u00c3\u0178t, keine Programmzeitschrift mehr den richtigen Sendeablauf enth\u00c3\u00a4lt, wird man Quoten erhalten, die nur unwesentlich besser sind als die der Radrennen. Auch die ohne Tour de France wom\u00c3\u00b6glich besser zu verkaufenden Werbeinseln wird man so kurzfristig recht schwer los.<\/p>\n<p>Meiner Meinung nach ist die Entscheidung von ARD und ZDF absolut konsequent. Sicher kann man dar\u00c3\u00bcber diskutieren, ob sie nicht bereits vor der Tour de France, nach den Jaksche-Enth\u00c3\u00bcllungen, h\u00c3\u00a4tte fallen m\u00c3\u00bcssen &#8211; die Senderverantwortlichen sahen das damals noch anders. Dennoch haben sie sich vor dem Start des Rennens unmissverst\u00c3\u00a4ndlich ge\u00c3\u00a4u\u00c3\u0178ert. In der &#8220;S\u00c3\u00bcddeutschen&#8221; vom 2. Juli hei\u00c3\u0178t es zum Beispiel:<\/p>\n<blockquote><p>&#8220;Am Wochenende hat der fr\u00c3\u00bchere Team-Telekom-Fahrer J\u00c3\u00b6rg Jaksche gewisserma\u00c3\u0178en als Kronzeuge die Systematik des Dopings im Radrennsport detailliert beschrieben. F\u00c3\u00bcr den ARD-Programmdirektor G\u00c3\u00bcnter Struve hat sich aus der umfangreichen Beichte kein neuer Kenntnisstand ergeben. Das ist insofern wichtig, als dass Struve mit seinem Kollegen Nikolaus Brender, dem Chefredakteur des ZDF, f\u00c3\u00bcr eine Absetzung der Tour-Bilder pl\u00c3\u00a4diert hat, wenn neue Dopingf\u00c3\u00a4lle den Anlass lieferten. <\/p>\n<p>In Gespr\u00c3\u00a4chen, die Struve und Brender seit Monaten mit den Veranstaltern der Tour de France, mit den Verantwortlichen der deutschen Rad-Mannschaften und mit dem Pr\u00c3\u00a4sidium des Bundes Deutscher Radfahrer (BDR) f\u00c3\u00bchren, sei die Position der geb\u00c3\u00bchrenfinanzierten Anstalten klar geworden. Ein ARD-Mann zeigte sich geradezu erstaunt, wie gro\u00c3\u0178 die Furcht bei den Tour-Managern vor einer Absetzung ihres Wettkampfes sei.&#8221;<\/p><\/blockquote>\n<p>Also: Es stand fest, dass man die \u00c3\u0153bertragungen absetzen werde, sobald ein neuer Dopingfall auftauche. Dass dieser nun aus der Zeit vor der Tour stammt, kann f\u00c3\u00bcr ARD und ZDF keine Ausrede sein, es musste nun einfach Schluss sein. Insbesondere, weil er aus einem der deutschen Teams stammt, die von ARD und ZDF gewarnt wurden. Mit Geb\u00c3\u00bchren finanzierte Sender k\u00c3\u00b6nnen nicht l\u00c3\u00a4nger ein mafi\u00c3\u00b6ses, kriminelles System mitfinanzieren, das mit Sport nur noch am Rande etwas zu tun hat. Die Entscheidung dar\u00c3\u00bcber kam sp\u00c3\u00a4t, aber sie kam. Und dar\u00c3\u00bcber sollte man froh sein.<\/p>\n<p>Der Gewinner dieser neuen Aff\u00c3\u00a4re d\u00c3\u00bcrfte zwar Eurosport hei\u00c3\u0178en &#8211; die Quoten als neuer Tour-de-France-Exklusiv-Sender werden steigen &#8211; aber wenn man sich die \u00c3\u0153bertragungen dort mal anschaut, denkt man, eine Zeitreise in die 80er unternommen zu haben. Da wird weiterhin ein romantisches Bild vom Radsport vermittelt, das b\u00c3\u00b6se Wort Doping nur am Rande mal in den Mund genommen. Ein bizarres, realit\u00c3\u00a4tsfernes Theater.<\/p>\n<p>Meine Meinung \u00c3\u00bcber den Radsport bleibt bestehen: Man sollte ihn aus dem olympischen Programm nehmen, den Weltradsportverband in ein freies Unternehmen umwandeln, Doping freigeben und ihn k\u00c3\u00bcnftig als Show-Event \u00c3\u00a0 la Wrestling behandeln &#8211; nicht mehr als Sport. Sauber wird man die Radrennen nie wieder bekommen.<\/p>\n","protected":false},"excerpt":{"rendered":"<p>Keine Angst, das wird hier kein Generalisten-Blog zu allem, was gerade durch die Medien schwirrt. Aber auch zur ARD\/ZDF-Doping-Geschichte m\u00c3\u00b6chte ich ein paar Dinge sagen. Mir missf\u00c3\u00a4llt n\u00c3\u00a4mlich, dass den \u00c3\u2013ffentlich-Rechtlichen vorgeworfen wird, inkonsequent, sogar l\u00c3\u00a4cherlich und &#8220;quotengeil&#8221; zu agieren, weil sie die Tour-de-France-\u00c3\u0153bertragungen bis auf Weiteres beendet haben. Mit Verlaub: Das ist meiner Meinung [&hellip;]<\/p>\n","protected":false},"author":1,"featured_media":0,"comment_status":"open","ping_status":"open","sticky":false,"template":"","format":"standard","meta":{"footnotes":""},"categories":[],"tags":[],"_links":{"self":[{"href":"http:\/\/www.popkulturjunkie.de\/wp\/index.php?rest_route=\/wp\/v2\/posts\/3168"}],"collection":[{"href":"http:\/\/www.popkulturjunkie.de\/wp\/index.php?rest_route=\/wp\/v2\/posts"}],"about":[{"href":"http:\/\/www.popkulturjunkie.de\/wp\/index.php?rest_route=\/wp\/v2\/types\/post"}],"author":[{"embeddable":true,"href":"http:\/\/www.popkulturjunkie.de\/wp\/index.php?rest_route=\/wp\/v2\/users\/1"}],"replies":[{"embeddable":true,"href":"http:\/\/www.popkulturjunkie.de\/wp\/index.php?rest_route=%2Fwp%2Fv2%2Fcomments&post=3168"}],"version-history":[{"count":0,"href":"http:\/\/www.popkulturjunkie.de\/wp\/index.php?rest_route=\/wp\/v2\/posts\/3168\/revisions"}],"wp:attachment":[{"href":"http:\/\/www.popkulturjunkie.de\/wp\/index.php?rest_route=%2Fwp%2Fv2%2Fmedia&parent=3168"}],"wp:term":[{"taxonomy":"category","embeddable":true,"href":"http:\/\/www.popkulturjunkie.de\/wp\/index.php?rest_route=%2Fwp%2Fv2%2Fcategories&post=3168"},{"taxonomy":"post_tag","embeddable":true,"href":"http:\/\/www.popkulturjunkie.de\/wp\/index.php?rest_route=%2Fwp%2Fv2%2Ftags&post=3168"}],"curies":[{"name":"wp","href":"https:\/\/api.w.org\/{rel}","templated":true}]}}