{"id":3677,"date":"2008-04-23T18:52:38","date_gmt":"2008-04-23T16:52:38","guid":{"rendered":"http:\/\/www.popkulturjunkie.de\/wp\/?p=3677"},"modified":"2008-04-23T18:52:38","modified_gmt":"2008-04-23T16:52:38","slug":"tv-test-k-ville","status":"publish","type":"post","link":"http:\/\/www.popkulturjunkie.de\/wp\/?p=3677","title":{"rendered":"tv-test: &#8220;k-ville&#8221;."},"content":{"rendered":"<p>Format: &#8220;K-Ville&#8221;<br \/>\nSender: Premiere Serie<br \/>\nProduktion: 20th Century Fox Television<br \/>\nGenre: Polizeiserie<br \/>\nProgrammplatz: freitags, 20.15 Uhr<br \/>\nFrequenz: w\u00c3\u00b6chentlich<br \/>\nDauer: 55 Minuten<br \/>\nStart: 11. April 2008<\/p>\n<p>Kritik: Polizeiserie, die im New Orleans zwei Jahre nach dem Hurricane Katrina spielt. Ein paar Cops ermitteln mitten im Sumpf und Chaos gegen Verbrecher, die vom Leid der Stadt und ihrer Menschen profitieren wollen. Allen voran Anthony Anderson als stolzer Polizist, der f\u00c3\u00bcr kein Geld der Welt seiner Stadt den R\u00c3\u00bccken kehren w\u00c3\u00bcrde. &#8220;K-Ville&#8221; ist zwar ordentlich produziert, dennoch \u00c3\u00bcberzeugt die Serie mich nicht so sehr, dass ich mehr als zwei, drei Folgen schauen werde. Sie ist mir einfach zu amerikanisch. Wenn man als US-B\u00c3\u00bcrger Katrina und ihre Folgen viel n\u00c3\u00a4her mitbekommen hat, gehen einem die Stories wom\u00c3\u00b6glich nahe, mir sind die Geschichten aber einfach zu weit weg. In den USA war &#8220;K-Ville&#8221; im \u00c3\u0153brigen auch kein gro\u00c3\u0178er Erfolg: Sie wurde bereits nach zehn Folgen abgesetzt.<\/p>\n<p>Wertung: 6 von 10 Punkten.<\/p>\n","protected":false},"excerpt":{"rendered":"<p>Format: &#8220;K-Ville&#8221; Sender: Premiere Serie Produktion: 20th Century Fox Television Genre: Polizeiserie Programmplatz: freitags, 20.15 Uhr Frequenz: w\u00c3\u00b6chentlich Dauer: 55 Minuten Start: 11. April 2008 Kritik: Polizeiserie, die im New Orleans zwei Jahre nach dem Hurricane Katrina spielt. Ein paar Cops ermitteln mitten im Sumpf und Chaos gegen Verbrecher, die vom Leid der Stadt und [&hellip;]<\/p>\n","protected":false},"author":1,"featured_media":0,"comment_status":"open","ping_status":"open","sticky":false,"template":"","format":"standard","meta":{"footnotes":""},"categories":[],"tags":[],"_links":{"self":[{"href":"http:\/\/www.popkulturjunkie.de\/wp\/index.php?rest_route=\/wp\/v2\/posts\/3677"}],"collection":[{"href":"http:\/\/www.popkulturjunkie.de\/wp\/index.php?rest_route=\/wp\/v2\/posts"}],"about":[{"href":"http:\/\/www.popkulturjunkie.de\/wp\/index.php?rest_route=\/wp\/v2\/types\/post"}],"author":[{"embeddable":true,"href":"http:\/\/www.popkulturjunkie.de\/wp\/index.php?rest_route=\/wp\/v2\/users\/1"}],"replies":[{"embeddable":true,"href":"http:\/\/www.popkulturjunkie.de\/wp\/index.php?rest_route=%2Fwp%2Fv2%2Fcomments&post=3677"}],"version-history":[{"count":0,"href":"http:\/\/www.popkulturjunkie.de\/wp\/index.php?rest_route=\/wp\/v2\/posts\/3677\/revisions"}],"wp:attachment":[{"href":"http:\/\/www.popkulturjunkie.de\/wp\/index.php?rest_route=%2Fwp%2Fv2%2Fmedia&parent=3677"}],"wp:term":[{"taxonomy":"category","embeddable":true,"href":"http:\/\/www.popkulturjunkie.de\/wp\/index.php?rest_route=%2Fwp%2Fv2%2Fcategories&post=3677"},{"taxonomy":"post_tag","embeddable":true,"href":"http:\/\/www.popkulturjunkie.de\/wp\/index.php?rest_route=%2Fwp%2Fv2%2Ftags&post=3677"}],"curies":[{"name":"wp","href":"https:\/\/api.w.org\/{rel}","templated":true}]}}