{"id":3700,"date":"2008-05-06T18:23:41","date_gmt":"2008-05-06T16:23:41","guid":{"rendered":"http:\/\/www.popkulturjunkie.de\/wp\/?p=3700"},"modified":"2008-05-06T18:23:41","modified_gmt":"2008-05-06T16:23:41","slug":"five-to-watch-6-mai-2008","status":"publish","type":"post","link":"http:\/\/www.popkulturjunkie.de\/wp\/?p=3700","title":{"rendered":"five to watch (6. mai 2008)."},"content":{"rendered":"<p>House, Lobo und Hitler. Hier sind meine TV-Empfehlungen f\u00c3\u00bcr Dienstag, den 6. Mai 2008:<\/p>\n<p>Free-TV:<br \/>\n1. Dr. House \/ RTL \/ 21.15-22.15<br \/>\nEinschneidendes Staffelfinale. Neue Folgen gibt es dann ab Herbst.<\/p>\n<p>2. Menschen bei Maischberger \/ Das Erste \/ 22.45-00.00<br \/>\nThema: &#8220;Generation Gier: Fordern die Rentner zu viel?&#8221; G\u00c3\u00a4ste u.a. Uwe Friedrichsen, Heiner Gei\u00c3\u0178ler und <a href=\"http:\/\/www.popkulturjunkie.de\/wp\/?p=3634\">A-Twitterer<\/a> <a href=\"http:\/\/twitter.com\/saschalobo\">Sascha Lobo<\/a>.<\/p>\n<p>3. Themenabend: Manifeste des Hasses \/ arte \/ 21.00-23.00<br \/>\narte widmet sich in zwei Dokus den Hass-Schriften &#8220;Mein Kampf&#8221; und &#8220;Protokolle der Weisen von Zion&#8221;. Anschlie\u00c3\u0178end gibt es noch eine 10min\u00c3\u00bctige Gespr\u00c3\u00a4chsrunde zum Thema.<\/p>\n<p>4. Ein ganz gew\u00c3\u00b6hnlicher Jude \/ NDR Fernsehen \/ 23.00-00.30<br \/>\nSehenswertes Kammerspiel mit Ben Becker als Sohn eines Holocaust-\u00c3\u0153berlebenden.<\/p>\n<p>Pay-TV:<br \/>\n5. Fu\u00c3\u0178ball: Bundesliga \/ Premiere Sport Portal \/ 19.40-22.30<br \/>\nGute Filme sind heute Mangelware &#8211; also lieber spannender Bundesliga-Fu\u00c3\u0178ball.<\/p>\n","protected":false},"excerpt":{"rendered":"<p>House, Lobo und Hitler. Hier sind meine TV-Empfehlungen f\u00c3\u00bcr Dienstag, den 6. Mai 2008: Free-TV: 1. Dr. House \/ RTL \/ 21.15-22.15 Einschneidendes Staffelfinale. Neue Folgen gibt es dann ab Herbst. 2. Menschen bei Maischberger \/ Das Erste \/ 22.45-00.00 Thema: &#8220;Generation Gier: Fordern die Rentner zu viel?&#8221; G\u00c3\u00a4ste u.a. Uwe Friedrichsen, Heiner Gei\u00c3\u0178ler und [&hellip;]<\/p>\n","protected":false},"author":1,"featured_media":0,"comment_status":"open","ping_status":"open","sticky":false,"template":"","format":"standard","meta":{"footnotes":""},"categories":[],"tags":[],"_links":{"self":[{"href":"http:\/\/www.popkulturjunkie.de\/wp\/index.php?rest_route=\/wp\/v2\/posts\/3700"}],"collection":[{"href":"http:\/\/www.popkulturjunkie.de\/wp\/index.php?rest_route=\/wp\/v2\/posts"}],"about":[{"href":"http:\/\/www.popkulturjunkie.de\/wp\/index.php?rest_route=\/wp\/v2\/types\/post"}],"author":[{"embeddable":true,"href":"http:\/\/www.popkulturjunkie.de\/wp\/index.php?rest_route=\/wp\/v2\/users\/1"}],"replies":[{"embeddable":true,"href":"http:\/\/www.popkulturjunkie.de\/wp\/index.php?rest_route=%2Fwp%2Fv2%2Fcomments&post=3700"}],"version-history":[{"count":0,"href":"http:\/\/www.popkulturjunkie.de\/wp\/index.php?rest_route=\/wp\/v2\/posts\/3700\/revisions"}],"wp:attachment":[{"href":"http:\/\/www.popkulturjunkie.de\/wp\/index.php?rest_route=%2Fwp%2Fv2%2Fmedia&parent=3700"}],"wp:term":[{"taxonomy":"category","embeddable":true,"href":"http:\/\/www.popkulturjunkie.de\/wp\/index.php?rest_route=%2Fwp%2Fv2%2Fcategories&post=3700"},{"taxonomy":"post_tag","embeddable":true,"href":"http:\/\/www.popkulturjunkie.de\/wp\/index.php?rest_route=%2Fwp%2Fv2%2Ftags&post=3700"}],"curies":[{"name":"wp","href":"https:\/\/api.w.org\/{rel}","templated":true}]}}