{"id":3702,"date":"2008-05-08T19:19:49","date_gmt":"2008-05-08T17:19:49","guid":{"rendered":"http:\/\/www.popkulturjunkie.de\/wp\/?p=3702"},"modified":"2008-05-08T21:40:52","modified_gmt":"2008-05-08T19:40:52","slug":"five-to-watch-8-mai-2008","status":"publish","type":"post","link":"http:\/\/www.popkulturjunkie.de\/wp\/?p=3702","title":{"rendered":"five to watch (8. mai 2008)."},"content":{"rendered":"<p>Au\u00c3\u0178erdirdische, Pr\u00c3\u00a4sidenten-M\u00c3\u00b6rder und Wolfgang Grupp. Hier sind meine TV-Empfehlungen f\u00c3\u00bcr Donnerstag, den 8. Mai 2008:<\/p>\n<p>Free-TV:<br \/>\n1. Alien &#8211; Die Wiedergeburt \/ Vox \/ 22.15-00.15<br \/>\nVierter, von Jean-Pierre Jeunet gemachter Film der &#8220;Alien&#8221;-Saga.<\/p>\n<p>2. 21 Gramm \/ arte \/ 21.00-22.55<br \/>\nSean Penn, Naomi Watts und Benicio Del Toro in einem \u00c3\u00bcberaus sehenswerten Drama, in dem die Schicksale dreier Menschen, die sich nie begegnet sind, zusammenfinden.<\/p>\n<p>3. <strike>Der K\u00c3\u00b6nig von Burladingen \/ Phoenix \/ 21.00-21.45<br \/>\nPortr\u00c3\u00a4t \u00c3\u00bcber das Enfant Terrible der deutschen Wirtschaft, Trigema-Boss Wolfgang Grupp.<\/strike><\/p>\n<p>4. Later with Jools Holland \/ ZDFtheaterkanal \/ 23.00-00.00<br \/>\nEin paar Jahre alte Ausgabe der Musikshow, in der u.a. Nick Cave zu Gast ist.<\/p>\n<p>Pay-TV:<br \/>\n5. John F. Kennedy &#8211; Tatort Dallas \/ Premiere Filmfest \/ 23.55-03.00<br \/>\nOliver Stones legend\u00c3\u00a4rer Verschw\u00c3\u00b6rungs-Thriller mit Kevin Costner als JFK-Mord-Aufkl\u00c3\u00a4rer.<\/p>\n","protected":false},"excerpt":{"rendered":"<p>Au\u00c3\u0178erdirdische, Pr\u00c3\u00a4sidenten-M\u00c3\u00b6rder und Wolfgang Grupp. Hier sind meine TV-Empfehlungen f\u00c3\u00bcr Donnerstag, den 8. Mai 2008: Free-TV: 1. Alien &#8211; Die Wiedergeburt \/ Vox \/ 22.15-00.15 Vierter, von Jean-Pierre Jeunet gemachter Film der &#8220;Alien&#8221;-Saga. 2. 21 Gramm \/ arte \/ 21.00-22.55 Sean Penn, Naomi Watts und Benicio Del Toro in einem \u00c3\u00bcberaus sehenswerten Drama, in dem [&hellip;]<\/p>\n","protected":false},"author":1,"featured_media":0,"comment_status":"open","ping_status":"open","sticky":false,"template":"","format":"standard","meta":{"footnotes":""},"categories":[],"tags":[],"_links":{"self":[{"href":"http:\/\/www.popkulturjunkie.de\/wp\/index.php?rest_route=\/wp\/v2\/posts\/3702"}],"collection":[{"href":"http:\/\/www.popkulturjunkie.de\/wp\/index.php?rest_route=\/wp\/v2\/posts"}],"about":[{"href":"http:\/\/www.popkulturjunkie.de\/wp\/index.php?rest_route=\/wp\/v2\/types\/post"}],"author":[{"embeddable":true,"href":"http:\/\/www.popkulturjunkie.de\/wp\/index.php?rest_route=\/wp\/v2\/users\/1"}],"replies":[{"embeddable":true,"href":"http:\/\/www.popkulturjunkie.de\/wp\/index.php?rest_route=%2Fwp%2Fv2%2Fcomments&post=3702"}],"version-history":[{"count":0,"href":"http:\/\/www.popkulturjunkie.de\/wp\/index.php?rest_route=\/wp\/v2\/posts\/3702\/revisions"}],"wp:attachment":[{"href":"http:\/\/www.popkulturjunkie.de\/wp\/index.php?rest_route=%2Fwp%2Fv2%2Fmedia&parent=3702"}],"wp:term":[{"taxonomy":"category","embeddable":true,"href":"http:\/\/www.popkulturjunkie.de\/wp\/index.php?rest_route=%2Fwp%2Fv2%2Fcategories&post=3702"},{"taxonomy":"post_tag","embeddable":true,"href":"http:\/\/www.popkulturjunkie.de\/wp\/index.php?rest_route=%2Fwp%2Fv2%2Ftags&post=3702"}],"curies":[{"name":"wp","href":"https:\/\/api.w.org\/{rel}","templated":true}]}}