{"id":3773,"date":"2008-06-09T17:01:01","date_gmt":"2008-06-09T15:01:01","guid":{"rendered":"http:\/\/www.popkulturjunkie.de\/wp\/?p=3773"},"modified":"2008-06-09T17:01:01","modified_gmt":"2008-06-09T15:01:01","slug":"five-to-watch-9-juni-2008","status":"publish","type":"post","link":"http:\/\/www.popkulturjunkie.de\/wp\/?p=3773","title":{"rendered":"five to watch (9. juni 2008)."},"content":{"rendered":"<p>Toni, Ribery und Kr\u00c3\u00b6mer. Hier sind meine TV-Empfehlungen f\u00c3\u00bcr Montag, den 9. Juni 2008:<\/p>\n<p>Free-TV:<br \/>\n1. Fu\u00c3\u0178ball-Europameisterschaft 2008 \/ Das Erste \/ 16.30-23.20<br \/>\nDie Todesgruppe. Mit Ribery und Toni. Und einer Niederlage f\u00c3\u00bcr die Holl\u00c3\u00a4nder.<\/p>\n<p>2. Kr\u00c3\u00b6mer &#8211; Die internationale Show \/ Das Erste \/ 00.20-01.05<br \/>\nZu Gast: J\u00c3\u00bcrgen Trittin, eigentlich nicht gerade bekannt als Spa\u00c3\u0178vogel.<\/p>\n<p>3. Bermuda Dreieck &#8211; Tor zu einer anderen Zeit \/ ProSieben \/ 20.15-22.40<br \/>\nOkayer Mystery-Zweiteiler mit Eric Stoltz, Sam Neill, etc. W\u00c3\u00a4re meine erste Prime-Time-Wahl, wenn&#8217;s kein Fu\u00c3\u0178ball g\u00c3\u00a4be.<\/p>\n<p>4. Watch the Skies! &#8211; Sie kommen, um uns zu vernichten \/ kabel eins \/ 23.15-00.25<br \/>\nPotenziell am\u00c3\u00bcsante Doku \u00c3\u00bcber Sci-Fi-Filme der 50er Jahre &#8211; u.a. mit den Gespr\u00c3\u00a4chspartnern Spielberg und Lucas.<\/p>\n<p>Pay-TV:<br \/>\n5. Brutalit\u00c3\u00a4t in Stein &#8211; Die Bauten der Nazis gestern und heute \/ Discovery Geschichte \/ 20.15-21.05<br \/>\nSpiegel-TV-Klassiker \u00c3\u00bcber Nazi-Architektur.<\/p>\n","protected":false},"excerpt":{"rendered":"<p>Toni, Ribery und Kr\u00c3\u00b6mer. Hier sind meine TV-Empfehlungen f\u00c3\u00bcr Montag, den 9. Juni 2008: Free-TV: 1. Fu\u00c3\u0178ball-Europameisterschaft 2008 \/ Das Erste \/ 16.30-23.20 Die Todesgruppe. Mit Ribery und Toni. Und einer Niederlage f\u00c3\u00bcr die Holl\u00c3\u00a4nder. 2. Kr\u00c3\u00b6mer &#8211; Die internationale Show \/ Das Erste \/ 00.20-01.05 Zu Gast: J\u00c3\u00bcrgen Trittin, eigentlich nicht gerade bekannt als [&hellip;]<\/p>\n","protected":false},"author":1,"featured_media":0,"comment_status":"open","ping_status":"open","sticky":false,"template":"","format":"standard","meta":{"footnotes":""},"categories":[],"tags":[],"_links":{"self":[{"href":"http:\/\/www.popkulturjunkie.de\/wp\/index.php?rest_route=\/wp\/v2\/posts\/3773"}],"collection":[{"href":"http:\/\/www.popkulturjunkie.de\/wp\/index.php?rest_route=\/wp\/v2\/posts"}],"about":[{"href":"http:\/\/www.popkulturjunkie.de\/wp\/index.php?rest_route=\/wp\/v2\/types\/post"}],"author":[{"embeddable":true,"href":"http:\/\/www.popkulturjunkie.de\/wp\/index.php?rest_route=\/wp\/v2\/users\/1"}],"replies":[{"embeddable":true,"href":"http:\/\/www.popkulturjunkie.de\/wp\/index.php?rest_route=%2Fwp%2Fv2%2Fcomments&post=3773"}],"version-history":[{"count":0,"href":"http:\/\/www.popkulturjunkie.de\/wp\/index.php?rest_route=\/wp\/v2\/posts\/3773\/revisions"}],"wp:attachment":[{"href":"http:\/\/www.popkulturjunkie.de\/wp\/index.php?rest_route=%2Fwp%2Fv2%2Fmedia&parent=3773"}],"wp:term":[{"taxonomy":"category","embeddable":true,"href":"http:\/\/www.popkulturjunkie.de\/wp\/index.php?rest_route=%2Fwp%2Fv2%2Fcategories&post=3773"},{"taxonomy":"post_tag","embeddable":true,"href":"http:\/\/www.popkulturjunkie.de\/wp\/index.php?rest_route=%2Fwp%2Fv2%2Ftags&post=3773"}],"curies":[{"name":"wp","href":"https:\/\/api.w.org\/{rel}","templated":true}]}}