{"id":3779,"date":"2008-06-12T15:50:17","date_gmt":"2008-06-12T13:50:17","guid":{"rendered":"http:\/\/www.popkulturjunkie.de\/wp\/?p=3779"},"modified":"2008-06-12T15:51:39","modified_gmt":"2008-06-12T13:51:39","slug":"schrott-am-ring","status":"publish","type":"post","link":"http:\/\/www.popkulturjunkie.de\/wp\/?p=3779","title":{"rendered":"schrott am ring."},"content":{"rendered":"<p>Eigentlich ja ne <a href=\"http:\/\/www.presseportal.de\/pm\/7169\/1209746\/swr_suedwestrundfunk\">Spitzenidee vom SWR Fernsehen<\/a>:<\/p>\n<p>&#8220;Nur eine Woche nachdem die letzten T\u00c3\u00b6ne von &#8220;Rock am Ring&#8221; verklungen sind, zeigt das SWR Fernsehen am kommenden Samstag, 14. Juni, ab 23.35 Uhr eine aktuell produzierte, dreist\u00c3\u00bcndige Dokumentation der diesj\u00c3\u00a4hrigen Ausgabe von Europas gr\u00c3\u00b6\u00c3\u0178tem Open-Air-Festival. 75 Stunden Material, das w\u00c3\u00a4hrend des Festivalwochenendes gedreht wurde, verdichtet &#8220;Rock am Ring &#8211; der Film&#8221; zu einem atmosph\u00c3\u00a4risch dichten Bild des Festivals, das neben<br \/>\nMusik und Backstage-Berichten auch das Lebensgef\u00c3\u00bchl der &#8220;Ringrocker&#8221; transportiert. Die Dokumentation gipfelt in einem 45-min\u00c3\u00bctigen Mitschnitt des Abschlusskonzerts der Toten Hosen. Zus\u00c3\u00a4tzlich zu der gro\u00c3\u0178en Festival-Dokumentation zeigt das SWR Fernsehen am 21. und 28. Juni, jeweils von 0.35 bis 3.00 Uhr Konzertmitschnitte mit dem Besten, was das Festival zu bieten hatte. Auf dem Programm stehen am 21. Juni die Auftritte von Metallica, Bullet for my Valentine, Incubus, HIM, Babyshambles, The Offspring und The Verve. Am 28. Juni zeigt das SWR Fernsehen Aufzeichnungen von den S\u00c3\u00b6hnen Mannheims, Culcha Candela, Madsen, Hot Chip, Kate Nash, Simple Plan und Kid Rock.&#8221;<\/p>\n<p>Aber! Wer will diesen ganzen Schrott denn sehen? Incubus? Him? Offspring? S\u00c3\u00b6hne Mannheims? Culcha Candela? Kid Rock? Und vor allem: Die Toten Hosen? Das ist mir viel zu viel unertr\u00c3\u00a4glicher Mist, um ein oder zwei Perlen dazwischen zu finden.<\/p>\n","protected":false},"excerpt":{"rendered":"<p>Eigentlich ja ne Spitzenidee vom SWR Fernsehen: &#8220;Nur eine Woche nachdem die letzten T\u00c3\u00b6ne von &#8220;Rock am Ring&#8221; verklungen sind, zeigt das SWR Fernsehen am kommenden Samstag, 14. Juni, ab 23.35 Uhr eine aktuell produzierte, dreist\u00c3\u00bcndige Dokumentation der diesj\u00c3\u00a4hrigen Ausgabe von Europas gr\u00c3\u00b6\u00c3\u0178tem Open-Air-Festival. 75 Stunden Material, das w\u00c3\u00a4hrend des Festivalwochenendes gedreht wurde, verdichtet &#8220;Rock [&hellip;]<\/p>\n","protected":false},"author":1,"featured_media":0,"comment_status":"open","ping_status":"open","sticky":false,"template":"","format":"standard","meta":{"footnotes":""},"categories":[],"tags":[],"_links":{"self":[{"href":"http:\/\/www.popkulturjunkie.de\/wp\/index.php?rest_route=\/wp\/v2\/posts\/3779"}],"collection":[{"href":"http:\/\/www.popkulturjunkie.de\/wp\/index.php?rest_route=\/wp\/v2\/posts"}],"about":[{"href":"http:\/\/www.popkulturjunkie.de\/wp\/index.php?rest_route=\/wp\/v2\/types\/post"}],"author":[{"embeddable":true,"href":"http:\/\/www.popkulturjunkie.de\/wp\/index.php?rest_route=\/wp\/v2\/users\/1"}],"replies":[{"embeddable":true,"href":"http:\/\/www.popkulturjunkie.de\/wp\/index.php?rest_route=%2Fwp%2Fv2%2Fcomments&post=3779"}],"version-history":[{"count":0,"href":"http:\/\/www.popkulturjunkie.de\/wp\/index.php?rest_route=\/wp\/v2\/posts\/3779\/revisions"}],"wp:attachment":[{"href":"http:\/\/www.popkulturjunkie.de\/wp\/index.php?rest_route=%2Fwp%2Fv2%2Fmedia&parent=3779"}],"wp:term":[{"taxonomy":"category","embeddable":true,"href":"http:\/\/www.popkulturjunkie.de\/wp\/index.php?rest_route=%2Fwp%2Fv2%2Fcategories&post=3779"},{"taxonomy":"post_tag","embeddable":true,"href":"http:\/\/www.popkulturjunkie.de\/wp\/index.php?rest_route=%2Fwp%2Fv2%2Ftags&post=3779"}],"curies":[{"name":"wp","href":"https:\/\/api.w.org\/{rel}","templated":true}]}}