{"id":4814,"date":"2013-04-08T12:32:37","date_gmt":"2013-04-08T11:32:37","guid":{"rendered":"http:\/\/www.popkulturjunkie.de\/wp\/?p=4814"},"modified":"2013-04-08T12:42:29","modified_gmt":"2013-04-08T11:42:29","slug":"das-original-ist-zuruck-die-deutschen-blogcharts-leben-wieder","status":"publish","type":"post","link":"http:\/\/www.popkulturjunkie.de\/wp\/?p=4814","title":{"rendered":"Das Original ist zur\u00c3\u00bcck &#8211; die deutschen blogcharts leben wieder."},"content":{"rendered":"<p><img decoding=\"async\" align=\"right\" src=\"http:\/\/www.popkulturjunkie.de\/wp\/wp-content\/dbc.png\" \/>Jaja, ich wei\u00c3\u0178. Konsequenz scheint nicht gerade eine meiner St\u00c3\u00a4rken zu sein. Vor etwas mehr als einem Jahr <a href=\"http:\/\/www.popkulturjunkie.de\/wp\/?p=4786\">verk\u00c3\u00bcndete ich hier im Blog<\/a> das offizielle Ende der deutschen blogcharts &#8211; und lieferte diverse Argumente. Seitdem vergang bis heute kein Monat, in dem mir nicht diverse Mal das Bedauern \u00c3\u00bcber das Ende mitgeteilt wurde. Diesem Druck der Masse beuge ich mich nun &#8211; <a href=\"http:\/\/www.deutscheblogcharts.de\/\">die deutschen blogcharts<\/a> leben wieder.<\/p>\n<p>Aber im Ernst: Schon bevor ich vor einigen Wochen mit <a href=\"http:\/\/www.active-value.de\/\">active value<\/a> die Social-News-Charts <a href=\"http:\/\/www.10000flies.de\/\">10000 Flies<\/a> startete, war mir klar, dass als &#8220;Abfallprodukt&#8221; auch die deutschen blogcharts wieder kommen w\u00c3\u00bcrden. Dort habe ich im Blog ja auch schon einige Male <a href=\"http:\/\/www.10000flies.de\/blog\/die-online-leitmedien-des-monats-februar\/\">Leitmedien-Rankings ver\u00c3\u00b6ffentlicht<\/a>. Die deutschen blogcharts funktionieren genau so: Ich schaue am Beginn des Monats, welche deutschsprachigen Blogs bei Facebook, Twitter und Google+ die gr\u00c3\u00b6\u00c3\u0178te Resonanz erzielt haben, wie viele Likes, Shares, Tweets, +1-Klicks, etc. die Blogs also mit ihren Beitr\u00c3\u00a4gen eines Monats erreicht haben. Und genau aus diesen Zahlen wird dann das Ranking erstellt.<\/p>\n<p>Die Zahl der Tweets hatte ich ja in der zweiten blogcharts-Phase im Jahr 2011 schon als einen Faktor mit in die Wertung einberechnet. Nun, in der mittlerweile dritten Phase der Charts spielt eben nur noch die Resonanz in den sozialen Netzwerken eine Rolle. Hier werden spannende Inhalte so schnell und oft wie nirgends sonst weiterempfohlen. Die neuen blogcharts sind also ein Gradmesser f\u00c3\u00bcr die Popularit\u00c3\u00a4t bei Facebook &#038; Co.<\/p>\n<p>Im Gegensatz zu fr\u00c3\u00bcher z\u00c3\u00a4hlen auch nur noch die Zahlen eines einzelnen Monats &#8211; dadurch wird sicher mehr Tempo in den Charts sein. Blogs werden schnell nach oben schie\u00c3\u0178en k\u00c3\u00b6nnen &#8211; und im kommenden Monat als One-Hit-Wonder schon wieder verschwinden. Die ersten drei Monate &#8211; ich habe die Daten r\u00c3\u00bcckwirkend f\u00c3\u00bcr die Monate Januar, Februar und M\u00c3\u00a4rz online gestellt &#8211; zeigen aber auch, dass viele Blogs in den Charts bleiben, weil sie treue Leser und Weiterempfehler haben.<\/p>\n<p>Mein Dank gilt Axel Krysztofiak von active value, der Website und Backend der neuen blogcharts programmiert hat &#8211; und Julia Wildf\u00c3\u00b6rster von active value f\u00c3\u00bcr das coole neue Logo.<\/p>\n<p>Ich bin gespannt auf Eure Meinungen!<\/p>\n","protected":false},"excerpt":{"rendered":"<p>Jaja, ich wei\u00c3\u0178. Konsequenz scheint nicht gerade eine meiner St\u00c3\u00a4rken zu sein. Vor etwas mehr als einem Jahr verk\u00c3\u00bcndete ich hier im Blog das offizielle Ende der deutschen blogcharts &#8211; und lieferte diverse Argumente. Seitdem vergang bis heute kein Monat, in dem mir nicht diverse Mal das Bedauern \u00c3\u00bcber das Ende mitgeteilt wurde. Diesem Druck [&hellip;]<\/p>\n","protected":false},"author":1,"featured_media":0,"comment_status":"open","ping_status":"open","sticky":false,"template":"","format":"standard","meta":{"footnotes":""},"categories":[12,15],"tags":[],"_links":{"self":[{"href":"http:\/\/www.popkulturjunkie.de\/wp\/index.php?rest_route=\/wp\/v2\/posts\/4814"}],"collection":[{"href":"http:\/\/www.popkulturjunkie.de\/wp\/index.php?rest_route=\/wp\/v2\/posts"}],"about":[{"href":"http:\/\/www.popkulturjunkie.de\/wp\/index.php?rest_route=\/wp\/v2\/types\/post"}],"author":[{"embeddable":true,"href":"http:\/\/www.popkulturjunkie.de\/wp\/index.php?rest_route=\/wp\/v2\/users\/1"}],"replies":[{"embeddable":true,"href":"http:\/\/www.popkulturjunkie.de\/wp\/index.php?rest_route=%2Fwp%2Fv2%2Fcomments&post=4814"}],"version-history":[{"count":5,"href":"http:\/\/www.popkulturjunkie.de\/wp\/index.php?rest_route=\/wp\/v2\/posts\/4814\/revisions"}],"predecessor-version":[{"id":4820,"href":"http:\/\/www.popkulturjunkie.de\/wp\/index.php?rest_route=\/wp\/v2\/posts\/4814\/revisions\/4820"}],"wp:attachment":[{"href":"http:\/\/www.popkulturjunkie.de\/wp\/index.php?rest_route=%2Fwp%2Fv2%2Fmedia&parent=4814"}],"wp:term":[{"taxonomy":"category","embeddable":true,"href":"http:\/\/www.popkulturjunkie.de\/wp\/index.php?rest_route=%2Fwp%2Fv2%2Fcategories&post=4814"},{"taxonomy":"post_tag","embeddable":true,"href":"http:\/\/www.popkulturjunkie.de\/wp\/index.php?rest_route=%2Fwp%2Fv2%2Ftags&post=4814"}],"curies":[{"name":"wp","href":"https:\/\/api.w.org\/{rel}","templated":true}]}}