{"id":799,"date":"2004-09-14T12:37:35","date_gmt":"2004-09-14T11:37:35","guid":{"rendered":"http:\/\/www.popkulturjunkie.de\/wp\/?p=799"},"modified":"-0001-11-30T00:00:00","modified_gmt":"-0001-11-29T23:00:00","slug":"","status":"publish","type":"post","link":"http:\/\/www.popkulturjunkie.de\/wp\/?p=799","title":{"rendered":""},"content":{"rendered":"<p>Gab es hier nicht mal die Tradition, dass der popkulturjunkie seine Meinung zu neuen Fernsehsendungen verbreitet? Und warum hat er das so lang nicht getan? Man wei\u00df es nicht. Aber vielleicht geht es jetzt ja mal wieder los damit. Hier sind zumindest drei popkulturjunkie-TV-Neustart-Kritiken:<\/p>\n<p>&#8220;Das Kanzleramt&#8221; \/ arte \/ werkt\u00e4glich, 20.15 Uhr &#8211; Start: 13. September 2004<br \/>Eine Doku-Soap, die hinter die Kulissen des Berliner Kanzleramtes schaut und interessante Einblicke gew\u00e4hrt. Vornehmlich geht es um die Personen, die hinter den Kulissen wirken und nicht um den Kanzler selbst. Der taucht zwischen den Berichten von seinen K\u00f6chen, Organisatoren, Pressechefs und all den anderen aber auch immer wieder auf &#8211; z.B. in der am\u00fcsanten Szene, in der er Jacques Chirac sein Handy reicht, damit der mit Doris telefonieren kann. Interessantes, am\u00fcsantes, gutes Fernsehen. 7 von 10 Punkten.<\/p>\n<p>&#8220;Bully &#038; Rick&#8221; \/ ProSieben \/ montags, 21.15 Uhr &#8211; Start: 13. September 2004<br \/>Die neue, von vielen mit Spannung erwartete Bully-Fernsehserie. Auch von mir \u00fcbrigens. Auch wenn ich seine beiden Kinofilme g\u00e4hnend langweilig fand. Aber die &#8220;bullyparade&#8221; war damals sehr lustig. Und in dieser Hoffnung sah ich &#8220;Bully &#038; Rick&#8221;. Und bin schon ein bisschen entt\u00e4uscht. Zwar alles perfekt produziert, ein paar nette Gags gibt&#8217;s auch. Aber insgesamt zu viele L\u00e4ngen. Schade. 5 von 10 Punkten.<\/p>\n<p>&#8220;Verschollen&#8221; \/ RTL \/ teamWorx \/ montags, 22.15 Uhr &#8211; Start: 13. September, 21.15 Uhr<br \/>Die neue w\u00f6chentliche RTL-Serie, von der ich im Vorfeld so viel Schlimmes geh\u00f6rt habe. Und fast alles hat sich bewahrheitet. Dialoge, wie sie flacher nicht sein k\u00f6nnen, billigste Produktionsform, die aussieht, als w\u00e4ren die Szenen vor einer S\u00fcdsee-Poster-Tapete gedreht worden. Dazu nervige Musik, penetrante Darsteller und v\u00f6llig langweilige und klischeebeladene Handlungsstr\u00e4nge. Dabei h\u00e4tte man doch aus dem Flugzeugabsturz-Stoff etwas richtig Gutes machen k\u00f6nnen. Wie das geht, zeigt dann ab September in Amerika ABC &#8211; und ab Oktober auch Premiere. In der neuen Serie &#8220;Lost&#8221;. F\u00fcr &#8220;Verschollen&#8221; gibt&#8217;s 1 von 10 Punkten.<\/p>\n","protected":false},"excerpt":{"rendered":"<p>Gab es hier nicht mal die Tradition, dass der popkulturjunkie seine Meinung zu neuen Fernsehsendungen verbreitet? Und warum hat er das so lang nicht getan? Man wei\u00df es nicht. Aber vielleicht geht es jetzt ja mal wieder los damit. Hier sind zumindest drei popkulturjunkie-TV-Neustart-Kritiken: &#8220;Das Kanzleramt&#8221; \/ arte \/ werkt\u00e4glich, 20.15 Uhr &#8211; Start: 13. [&hellip;]<\/p>\n","protected":false},"author":2,"featured_media":0,"comment_status":"open","ping_status":"open","sticky":false,"template":"","format":"standard","meta":{"footnotes":""},"categories":[1],"tags":[],"_links":{"self":[{"href":"http:\/\/www.popkulturjunkie.de\/wp\/index.php?rest_route=\/wp\/v2\/posts\/799"}],"collection":[{"href":"http:\/\/www.popkulturjunkie.de\/wp\/index.php?rest_route=\/wp\/v2\/posts"}],"about":[{"href":"http:\/\/www.popkulturjunkie.de\/wp\/index.php?rest_route=\/wp\/v2\/types\/post"}],"author":[{"embeddable":true,"href":"http:\/\/www.popkulturjunkie.de\/wp\/index.php?rest_route=\/wp\/v2\/users\/2"}],"replies":[{"embeddable":true,"href":"http:\/\/www.popkulturjunkie.de\/wp\/index.php?rest_route=%2Fwp%2Fv2%2Fcomments&post=799"}],"version-history":[{"count":0,"href":"http:\/\/www.popkulturjunkie.de\/wp\/index.php?rest_route=\/wp\/v2\/posts\/799\/revisions"}],"wp:attachment":[{"href":"http:\/\/www.popkulturjunkie.de\/wp\/index.php?rest_route=%2Fwp%2Fv2%2Fmedia&parent=799"}],"wp:term":[{"taxonomy":"category","embeddable":true,"href":"http:\/\/www.popkulturjunkie.de\/wp\/index.php?rest_route=%2Fwp%2Fv2%2Fcategories&post=799"},{"taxonomy":"post_tag","embeddable":true,"href":"http:\/\/www.popkulturjunkie.de\/wp\/index.php?rest_route=%2Fwp%2Fv2%2Ftags&post=799"}],"curies":[{"name":"wp","href":"https:\/\/api.w.org\/{rel}","templated":true}]}}