{"id":1065,"date":"2005-03-28T01:46:04","date_gmt":"2005-03-28T00:46:04","guid":{"rendered":"http:\/\/www.popkulturjunkie.de\/wp\/index.php\/?p=1065"},"modified":"2005-03-28T01:46:04","modified_gmt":"2005-03-28T00:46:04","slug":"gorleben-ist-uberall","status":"publish","type":"post","link":"https:\/\/www.popkulturjunkie.de\/wp\/?p=1065","title":{"rendered":"gorleben ist \u00c3\u00bcberall."},"content":{"rendered":"<p><img decoding=\"async\" src=\"http:\/\/www.popkulturjunkie.de\/pix\/Madsen.jpg\" align=\"left\" hspace=\"5\" vspace=\"5\"\/>Bevor sich endg\u00c3\u00bcltig alle Medien bis mitten rein in den Mainstream auf Madsen st\u00c3\u00bcrzen und ein kleiner Kettcar-Effekt entsteht &#8211; Thees Uhlmann hat schlie\u00c3\u0178lich schon zu Protokoll gegeben, die Band habe das beste Deb\u00c3\u00bct-Album hingelegt, das er kenne &#8211; muss ich unbedingt noch ein paar Zeilen \u00c3\u00bcber die Band schreiben. Und warum? Weil die Songs, die bisher ver\u00c3\u00b6ffentlicht wurden einfach gro\u00c3\u0178artig sind. &#8220;die perfektion&#8221; und &#8220;vielleicht&#8221; geh\u00c3\u00b6ren auf jeden Fall zur besten deutschsprachigen Musik der vergangenen Monate, wenn nicht Jahre. Auch wenn Madsen so klingen, als k\u00c3\u00a4men sie aus Hamburg, stammen sie aus meiner nieders\u00c3\u00a4chsischen Heimat, dort her, wo sonst nur Castor-Transporte und Demonstranten hinfahren &#8211; aus Gorleben. Das Album soll Ende Mai erscheinen, die Single &#8220;die perfektion&#8221; ist seit dem 21. M\u00c3\u00a4rz im Handel und ich w\u00c3\u00bcrde mich nicht wundern, wenn sie in die Charts einsteigt. Schlie\u00c3\u0178lich l\u00c3\u00a4uft der Clip, den man sich im \u00c3\u0153brigen auf der <a href=\"http:\/\/www.madsenmusik.de\/\">Website der Band<\/a> ansehen kann, schon seit Wochen auf ziemlich heavier Rotation auf den Musiksendern.<\/p>\n","protected":false},"excerpt":{"rendered":"<p>Bevor sich endg\u00c3\u00bcltig alle Medien bis mitten rein in den Mainstream auf Madsen st\u00c3\u00bcrzen und ein kleiner Kettcar-Effekt entsteht &#8211; Thees Uhlmann hat schlie\u00c3\u0178lich schon zu Protokoll gegeben, die Band habe das beste Deb\u00c3\u00bct-Album hingelegt, das er kenne &#8211; muss ich unbedingt noch ein paar Zeilen \u00c3\u00bcber die Band schreiben. Und warum? Weil die Songs, [&hellip;]<\/p>\n","protected":false},"author":1,"featured_media":0,"comment_status":"open","ping_status":"open","sticky":false,"template":"","format":"standard","meta":{"footnotes":""},"categories":[],"tags":[],"_links":{"self":[{"href":"https:\/\/www.popkulturjunkie.de\/wp\/index.php?rest_route=\/wp\/v2\/posts\/1065"}],"collection":[{"href":"https:\/\/www.popkulturjunkie.de\/wp\/index.php?rest_route=\/wp\/v2\/posts"}],"about":[{"href":"https:\/\/www.popkulturjunkie.de\/wp\/index.php?rest_route=\/wp\/v2\/types\/post"}],"author":[{"embeddable":true,"href":"https:\/\/www.popkulturjunkie.de\/wp\/index.php?rest_route=\/wp\/v2\/users\/1"}],"replies":[{"embeddable":true,"href":"https:\/\/www.popkulturjunkie.de\/wp\/index.php?rest_route=%2Fwp%2Fv2%2Fcomments&post=1065"}],"version-history":[{"count":0,"href":"https:\/\/www.popkulturjunkie.de\/wp\/index.php?rest_route=\/wp\/v2\/posts\/1065\/revisions"}],"wp:attachment":[{"href":"https:\/\/www.popkulturjunkie.de\/wp\/index.php?rest_route=%2Fwp%2Fv2%2Fmedia&parent=1065"}],"wp:term":[{"taxonomy":"category","embeddable":true,"href":"https:\/\/www.popkulturjunkie.de\/wp\/index.php?rest_route=%2Fwp%2Fv2%2Fcategories&post=1065"},{"taxonomy":"post_tag","embeddable":true,"href":"https:\/\/www.popkulturjunkie.de\/wp\/index.php?rest_route=%2Fwp%2Fv2%2Ftags&post=1065"}],"curies":[{"name":"wp","href":"https:\/\/api.w.org\/{rel}","templated":true}]}}