{"id":158,"date":"2003-10-18T01:59:23","date_gmt":"2003-10-18T00:59:23","guid":{"rendered":"http:\/\/www.popkulturjunkie.de\/wp\/?p=158"},"modified":"-0001-11-30T00:00:00","modified_gmt":"-0001-11-29T23:00:00","slug":"","status":"publish","type":"post","link":"https:\/\/www.popkulturjunkie.de\/wp\/?p=158","title":{"rendered":""},"content":{"rendered":"<p><img decoding=\"async\" src=\"http:\/\/www.popkulturjunkie.de\/pix\/Siegel.jpg\" align=\"left\" border=\"0\">Ich lach mich kaputt. Aber so richtig. Warum? Dazu bedarf es etwas Vorwissens. Erstens: &#8220;<a href=\"http:\/\/www.zdf.de\/ZDFde\/inhalt\/24\/0,1872,2045176,00.html\">Die deutsche Stimme<\/a>&#8221; &#8211; eine der schlechtesten TV-Shows, die momentan in Deutschland laufen. Sie ist so schlecht, dass ich kaum eine Folge verpasse. Schlie\u00dflich muss man auch mal schlechtes Fernsehen konsumieren um das Gute richtig w\u00fcrdigen zu k\u00f6nnen. Zweitens: <a href=\"http:\/\/www.olip-music.de\/\">Oli P.<\/a> hat sich aus welchen Gr\u00fcnden auch immer von <a href=\"http:\/\/tvtotal.prosieben.de\/\">Stefan Raab<\/a> eine Glatze schneiden lassen. Drittens: <a href=\"http:\/\/www.jupiter-records.de\/pages\/rs_bio.html\">Ralph Siegel<\/a>, der seinen letzten Erfolg vor etwa 20 Jahren hatte, sitzt mit Herrn P. in der Jury der &#8220;Deutschen Stimme&#8221;. Jetzt also zu der Tatsache, die ich extrem lustig finde. Herr Siegel also sieht die neue Frisur von Herrn P. und sagt live in der Show, dass er sich auch eine Glatze schneiden l\u00e4sst, wenn die von ihm produzierte Schlager-Nummer der &#8220;Deutsche Stimme&#8221;-Kandidaten Platz 1 der deutschen Charts erklimmt. Herr popkulturjunkie wiederum \u00fcberlegt einen kurzen Augenblick, beim ZDF anzurufen und anzubieten, einen Besen zu fressen, wenn die Nummer tats\u00e4chlich Platz 1 schafft, verwirft diese Idee jedoch nach kurzer Zeit wieder, weil er sich nicht beim ZDF als der eine Zuschauer outen will, den &#8220;Die Deutsche Stimme&#8221; hat. Nun gut, Herr Siegel ist so \u00fcberzeugt von den Chancen seines Songs, dass er einen Schreck ob seines Glatzen-Vorschlags bekommt und von nun an hofft, dass seine Single &#8220;nur&#8221; Platz 2 schafft. Heute nun, als der popkulturjunkie die neue <a href=\"http:\/\/www.musikwoche.de\/\">Musikwoche<\/a> aufschl\u00e4gt, f\u00e4llt er in ein Lachkoma: Herr Siegel und seine &#8220;Deutschen Stimmen&#8221; haben Platz 1 knapp verfehlt. Auch Platz 2 ist hauchd\u00fcnn nicht erreicht worden. Tusch: &#8220;Diese Nacht&#8221; (so hei\u00dft der Siegel-Schlager) ist von 0 auf sage und schreibe 82 eingestiegen! Angesichts der schw\u00e4chelnden Single-Verkaufszahlen d\u00fcrfte damit eine gerade so vierstellige Anzahl von CDs \u00fcber den Ladentisch gegangen sein. Und das trotz &#8220;<a href=\"http:\/\/www.zdf.de\/ZDFde\/inhalt\/27\/0,1872,1001627,00.html\">Wetten, dass&#8230;?<\/a>&#8220;-PR vor 15 Mio. Zuschauern. Das nenn ich Erfolg! Endlich mal wieder ein Hit f\u00fcr Herrn Siegel. Ein herzlicher Gl\u00fcckwunsch auch von dieser Stelle!<\/p>\n","protected":false},"excerpt":{"rendered":"<p>Ich lach mich kaputt. Aber so richtig. Warum? Dazu bedarf es etwas Vorwissens. Erstens: &#8220;Die deutsche Stimme&#8221; &#8211; eine der schlechtesten TV-Shows, die momentan in Deutschland laufen. Sie ist so schlecht, dass ich kaum eine Folge verpasse. Schlie\u00dflich muss man auch mal schlechtes Fernsehen konsumieren um das Gute richtig w\u00fcrdigen zu k\u00f6nnen. Zweitens: Oli P. [&hellip;]<\/p>\n","protected":false},"author":2,"featured_media":0,"comment_status":"open","ping_status":"open","sticky":false,"template":"","format":"standard","meta":{"footnotes":""},"categories":[1],"tags":[],"_links":{"self":[{"href":"https:\/\/www.popkulturjunkie.de\/wp\/index.php?rest_route=\/wp\/v2\/posts\/158"}],"collection":[{"href":"https:\/\/www.popkulturjunkie.de\/wp\/index.php?rest_route=\/wp\/v2\/posts"}],"about":[{"href":"https:\/\/www.popkulturjunkie.de\/wp\/index.php?rest_route=\/wp\/v2\/types\/post"}],"author":[{"embeddable":true,"href":"https:\/\/www.popkulturjunkie.de\/wp\/index.php?rest_route=\/wp\/v2\/users\/2"}],"replies":[{"embeddable":true,"href":"https:\/\/www.popkulturjunkie.de\/wp\/index.php?rest_route=%2Fwp%2Fv2%2Fcomments&post=158"}],"version-history":[{"count":0,"href":"https:\/\/www.popkulturjunkie.de\/wp\/index.php?rest_route=\/wp\/v2\/posts\/158\/revisions"}],"wp:attachment":[{"href":"https:\/\/www.popkulturjunkie.de\/wp\/index.php?rest_route=%2Fwp%2Fv2%2Fmedia&parent=158"}],"wp:term":[{"taxonomy":"category","embeddable":true,"href":"https:\/\/www.popkulturjunkie.de\/wp\/index.php?rest_route=%2Fwp%2Fv2%2Fcategories&post=158"},{"taxonomy":"post_tag","embeddable":true,"href":"https:\/\/www.popkulturjunkie.de\/wp\/index.php?rest_route=%2Fwp%2Fv2%2Ftags&post=158"}],"curies":[{"name":"wp","href":"https:\/\/api.w.org\/{rel}","templated":true}]}}