{"id":3260,"date":"2007-09-29T23:34:28","date_gmt":"2007-09-29T21:34:28","guid":{"rendered":"http:\/\/www.popkulturjunkie.de\/wp\/?p=3260"},"modified":"2007-09-30T11:20:08","modified_gmt":"2007-09-30T09:20:08","slug":"deutscher-fernsehpreis-2007","status":"publish","type":"post","link":"https:\/\/www.popkulturjunkie.de\/wp\/?p=3260","title":{"rendered":"deutscher fernsehpreis 2007."},"content":{"rendered":"<p>Zum Livebloggen hatte ich keine Lust, aber dennoch will ich ein paar Worte zur diesj\u00c3\u00a4hrigen Fernsehpreis-Verleihung verlieren. Wegen eines Mannes war ich schon recht froh, in diesem Jahr nicht live im Coloneum gewesen zu sein: Marco Schreyl. Ich h\u00c3\u00a4tte wahrscheinlich f\u00c3\u00bcr einen Eklat gesorgt, wenn ich mitten w\u00c3\u00a4hrend der Show im Saal aufgestanden w\u00c3\u00a4re, um laut zu br\u00c3\u00bcllen: &#8220;Es reicht, Schreyl, Du kannst das nicht! Geh weg!&#8221;. Selten habe ich bei einer Showmoderation so viele Fremdsch\u00c3\u00a4m-Momente und so viel Peinlichkeit erlebt. Schreyl war nicht ein einziges Mal witzig oder wenigstens am\u00c3\u00bcsant. Auch die meisten Laudatoren waren eher langweilig. Die beiden gro\u00c3\u0178en Ausnahmen f\u00c3\u00bcr mich &#8211; \u00c3\u00bcberraschenderweise &#8211; Oliver Pocher und &#8211; wenig \u00c3\u00bcberraschend &#8211; Kurt Kr\u00c3\u00b6mer. Bei den Preistr\u00c3\u00a4gern h\u00c3\u00a4tte es eindeutig schlimmer kommen k\u00c3\u00b6nnen. In den meisten Kategorien zeichnete die Jury die Sendungen aus, die auch meiner Meinung nach den Preis verdient hatten. Werfen wir einen Blick darauf:<\/p>\n<p>Bester Fernsehfilm\/Mehrteiler: &#8220;Rose&#8221; (ARD)<br \/>\nIch habe den Film nicht gesehen, finde es aber sehr lobenswert, dass die Jury nicht den vorhersehbaren Weg gegangen ist, den Schmonz &#8220;Die Flucht&#8221; auszuzeichnen, sondern einen kleinen Film.<\/p>\n<p>Beste Serie: &#8220;KDD &#8211; Kriminaldauerdienst&#8221; (ZDF)<br \/>\nSehr verdient. &#8220;RIS&#8221; fand ich zwar auch gut, aber &#8220;KDD&#8221; war einfach eine \u00c3\u00bcberragende, mutige, ungew\u00c3\u00b6hnliche Produktion, der jeder Preis zusteht, den es nur geben kann.<\/p>\n<p>Beste Sitcom: &#8220;Stromberg&#8221; (ProSieben)<br \/>\nIn derselben Kategorie die beiden RTL-Mittelm\u00c3\u00a4\u00c3\u0178igkeiten &#8220;Kinder, Kinder&#8221; und &#8220;Mitten im Leben&#8221; zu nominieren, war schon schlimm. Aber immerhin gab es damit wohl keine Diskussion in der Jury, wer den Preis gewinnen soll. Nat\u00c3\u00bcrlich ebenfalls v\u00c3\u00b6llig verdient.<\/p>\n<p>Beste Unterhaltungssendung\/Beste Moderation Unterhaltung: &#8220;Schlag den Raab&#8221; (ProSieben)<br \/>\nAuch dieser Preis freut mich, da &#8220;Schlag den Raab&#8221; meiner Meinung nach die gr\u00c3\u00b6\u00c3\u0178te Innovation des deutschen Fernsehshowgenres seit vielen Jahren ist. Und die beiden Nominierungskonkurrenten &#8220;Germany&#8217;s next Topmodel&#8221; und &#8220;Let&#8217;s dance&#8221; sind nunmal nur deutsche Umsetzungen internationaler Formate.<\/p>\n<p>Beste Dokumentation: &#8220;Im Schatten der Blutrache&#8221; (ARD)<br \/>\nFreut mich sehr, da ich den Film ebenfalls sehr beeindruckend fand und er im Gegensatz zur Spiegel-TV-Produktion &#8220;Wettlauf um die Welt&#8221; nicht mit perfekter Produktion und Hochglanz gegl\u00c3\u00a4nzt hat, sondern mit der erz\u00c3\u00a4hlten Geschichte.<\/p>\n<p>Beste Reportage: &#8220;Der Gotteskrieger und seine Frau&#8221; (ARD)<br \/>\nHab ich leider auch nicht gesehen, aber es beruhigt mich, dass die ARD in dieser Kategorie gegen RTL gewonnen hat.<\/p>\n<p>Beste Informationssendung: &#8220;RTL aktuell&#8221; (RTL)<br \/>\nDer Preis, der mich am meisten \u00c3\u00a4rgert. &#8220;RTL aktuell&#8221; mag die seri\u00c3\u00b6seste Nachrichtensendung des Privatfernsehens sein, aber den Preis nicht den &#8220;Tagesthemen&#8221; oder wenigstens dem &#8220;heute-journal&#8221; zu verleihen, ist ein mittlerer Skandal und kann wohl tats\u00c3\u00a4chlich nur damit erkl\u00c3\u00a4rt werden, dass RTL in diesem Jahr der Ausrichter der Verleihung war und ansonsten nur einen Preis f\u00c3\u00bcr &#8220;Die Super Nanny&#8221; gewonnen h\u00c3\u00a4tte. Die RTL-Cross-Promotion-Plattform und t\u00c3\u00a4gliche &#8220;Forscher aus Amerika haben ein neues sensationellers Mittel gegen Krebs entdeckt&#8221;-Verk\u00c3\u00bcndigungssendung hat zumindest auf keinen Fall einen Preis als &#8220;Informationssendung&#8221; verdient.<\/p>\n<p>Beste Sportsendung: &#8220;Blut und Spiele&#8221; (ARD)<br \/>\nIch habe alle drei Nominierten gesehen und bin derselben Meinung wie die Jury. Die beiden anderen Reportagen waren zwar ebenfalls sehr gut, aber &#8220;Blut und Spiele&#8221; noch einen Tick besser.<\/p>\n<p>Beste Kochshow: &#8220;Das perfekte Dinner&#8221; (Vox)<br \/>\nAbgesehen davon, dass ich es etwas seltsam finde, eine eigene Kategorie f\u00c3\u00bcr Kochshows zu erfinden, bin ich mit dem Preistr\u00c3\u00a4ger zufrieden, denn &#8220;Das perfekte Dinner&#8221; ist ja letztlich gar keine Kochshow, sondern eine unterhaltsame Doku-Soap, in der es auch ums Kochen geht, aber eben nicht nur.<\/p>\n<p>Beste Regie: Lars Kraume (&#8220;Guten Morgen, Herr Grothe&#8221; \/ ARD)<br \/>\nLeider nicht gesehen, muss ich aber nachholen.<\/p>\n<p>Bestes Buch: Ralf Husmann (&#8220;Dr. Psycho&#8221; und &#8220;Stromberg&#8221; \/ ProSieben)<br \/>\nKann man durchaus machen. Zumindest eine ungew\u00c3\u00b6hnliche Entscheidung, mal einen Comedy-Autoren den Fernsehfilm- und Drama-Serien-Schreibern vorzuziehen.<\/p>\n<p>Bester Schauspieler: Matthias Koeberlin (&#8220;Tornado &#8211; Der Zorn des Himmels&#8221; \/ ProSieben)<br \/>\nSehr sympathische Dankesrede, schon deswegen ein erfreulicher Preis, auch wenn ich pers\u00c3\u00b6nlich eher Ulrich Tukur ausgezeichnet h\u00c3\u00a4tte.<\/p>\n<p>Beste Schauspielerin: Maria Furtw\u00c3\u00a4ngler (&#8220;Tatort&#8221; \/ ARD)<br \/>\nIrgendwann muss mir mal jemand erkl\u00c3\u00a4ren, was so besonders an der schauspielerischen Leistung von Maria Furtw\u00c3\u00a4ngler sein soll. Ich habe das n\u00c3\u00a4mlich noch nie verstanden. Sie spielt die &#8220;Tatort&#8221;-Ermittlerin solide, aber mir w\u00c3\u00bcrden viele viele Schauspielerinnen einfallen, die den Preis eher verdient h\u00c3\u00a4tten, die beiden anderen Nominierten Veronica Ferres und vor allem Nadja Uhl im \u00c3\u0153brigen auch.<\/p>\n<p>Bester Schauspieler Nebenrolle: Gabriela Maria Schmeide (&#8220;Die Flucht&#8221; \/ ARD)<br \/>\nDie Entscheidung, Kochshows und &#8220;TV-Beratern&#8221; eine eigene Kategorie zu widmen, aber bei den Nebenrollen nicht einmal einen eigenen Preis f\u00c3\u00bcr M\u00c3\u00a4nner und Frauen zu verleihen, finde ich ziemlich daneben. Den Preis f\u00c3\u00bcr Frau Schmeide hingegen nicht.<\/p>\n<p>Beste Moderation Information: Reinhold Beckmann (&#8220;Beckmann&#8221; \/ ARD)<br \/>\nIch h\u00c3\u00a4tte mir zwar andere ich einer solchen Kategorie gew\u00c3\u00bcnscht als drei Interviewer, aber Beckmann (Preis f\u00c3\u00bcr das Dietz-Doping-Gest\u00c3\u00a4ndnis) war im Vergleich zu Kerner und Herres, der f\u00c3\u00bcr das relativ langweilige Gespr\u00c3\u00a4ch mit Buback und Boock nominiert war, das kleinere \u00c3\u0153bel.<\/p>\n<p>Beste Comedy: Urban Priol und Georg Schramm (&#8220;Neues aus der Anstalt&#8221; \/ ZDF)<br \/>\nIch mag Urban Priol nicht. Ich mag Georg Schramm nicht. Ich mag &#8220;Neues aus der Anstalt&#8221; nicht. Ich h\u00c3\u00a4tte Mathias Richling den Preis gegeben.<\/p>\n<p>Beste Kamera: Philipp Sichler (&#8220;Sperling und die kalte Angst&#8221; \/ ZDF)<br \/>\nBester Schnitt: Florian Drechsler (&#8220;Sperling und die kalte Angst&#8221; \/ ZDF)<br \/>\nBeste Musik: Enjott Schneider (&#8220;Die Flucht&#8221; und &#8220;Nicht alle waren M\u00c3\u00b6rder&#8221; \/ ARD)<br \/>\nBeste Ausstattung: Knut Loewe und Wiebke Kratz (&#8220;Die Flucht&#8221; \/ ARD und &#8220;R.I.S.&#8221; \/ Sat.1)<br \/>\nViermal: Herzlichen Gl\u00c3\u00bcckwunsch.<\/p>\n<p>Bester TV-Berater: Katharina Saalfrank (&#8220;Die Super Nanny&#8221; \/ RTL)<br \/>\nDie Dankesrede von Frau Saalfrank war zwar \u00c3\u00bcberaus sympathisch und erfrischend bescheiden, aber ich h\u00c3\u00a4tte den Preis trotzdem &#8220;Rach, der Restauranttester&#8221; verliehen.<\/p>\n<p>Au\u00c3\u0178erdem gab es den Lebenswerk-Preis f\u00c3\u00bcr G\u00c3\u00b6tz George, den besten Schauspieler, den wir in Deutschland haben, und einen v\u00c3\u00b6llig \u00c3\u00bcberfl\u00c3\u00bcssigen Sonderpreis f\u00c3\u00bcr Michael Schumacher. Was der mit Fernsehen zu tun hat, au\u00c3\u0178er dass RTL seine Rennen \u00c3\u00bcbertragen hat, muss mir auch nochmal jemand erkl\u00c3\u00a4ren. Vielleicht gibt&#8217;s dann ja im n\u00c3\u00a4chsten Jahr einen Fernsehpreis f\u00c3\u00bcr den Papst &#8211; der ist auch st\u00c3\u00a4ndig im Fernsehen.<\/p>\n<p>Im Senderranking bedeutet das folgendes Ergebnis:<br \/>\n1. ARD (9einhalb Preise)<br \/>\n2. ZDF und ProSieben (je vier Preise)<br \/>\n4. RTL (2 Preise)<br \/>\n5. Vox (1 Preis)<br \/>\n6. Sat.1 (ein halber Preis)<\/p>\n<p>Insgesamt also eine okaye Veranstaltung mit einem miserablen Moderator und weitgehend verdienten Preisen.<\/p>\n","protected":false},"excerpt":{"rendered":"<p>Zum Livebloggen hatte ich keine Lust, aber dennoch will ich ein paar Worte zur diesj\u00c3\u00a4hrigen Fernsehpreis-Verleihung verlieren. Wegen eines Mannes war ich schon recht froh, in diesem Jahr nicht live im Coloneum gewesen zu sein: Marco Schreyl. Ich h\u00c3\u00a4tte wahrscheinlich f\u00c3\u00bcr einen Eklat gesorgt, wenn ich mitten w\u00c3\u00a4hrend der Show im Saal aufgestanden w\u00c3\u00a4re, um [&hellip;]<\/p>\n","protected":false},"author":1,"featured_media":0,"comment_status":"open","ping_status":"open","sticky":false,"template":"","format":"standard","meta":{"footnotes":""},"categories":[],"tags":[],"_links":{"self":[{"href":"https:\/\/www.popkulturjunkie.de\/wp\/index.php?rest_route=\/wp\/v2\/posts\/3260"}],"collection":[{"href":"https:\/\/www.popkulturjunkie.de\/wp\/index.php?rest_route=\/wp\/v2\/posts"}],"about":[{"href":"https:\/\/www.popkulturjunkie.de\/wp\/index.php?rest_route=\/wp\/v2\/types\/post"}],"author":[{"embeddable":true,"href":"https:\/\/www.popkulturjunkie.de\/wp\/index.php?rest_route=\/wp\/v2\/users\/1"}],"replies":[{"embeddable":true,"href":"https:\/\/www.popkulturjunkie.de\/wp\/index.php?rest_route=%2Fwp%2Fv2%2Fcomments&post=3260"}],"version-history":[{"count":0,"href":"https:\/\/www.popkulturjunkie.de\/wp\/index.php?rest_route=\/wp\/v2\/posts\/3260\/revisions"}],"wp:attachment":[{"href":"https:\/\/www.popkulturjunkie.de\/wp\/index.php?rest_route=%2Fwp%2Fv2%2Fmedia&parent=3260"}],"wp:term":[{"taxonomy":"category","embeddable":true,"href":"https:\/\/www.popkulturjunkie.de\/wp\/index.php?rest_route=%2Fwp%2Fv2%2Fcategories&post=3260"},{"taxonomy":"post_tag","embeddable":true,"href":"https:\/\/www.popkulturjunkie.de\/wp\/index.php?rest_route=%2Fwp%2Fv2%2Ftags&post=3260"}],"curies":[{"name":"wp","href":"https:\/\/api.w.org\/{rel}","templated":true}]}}