{"id":3294,"date":"2007-11-08T09:00:21","date_gmt":"2007-11-08T08:00:21","guid":{"rendered":"http:\/\/www.popkulturjunkie.de\/wp\/?p=3294"},"modified":"2007-11-08T00:07:00","modified_gmt":"2007-11-07T23:07:00","slug":"five-to-watch-8-november-2007","status":"publish","type":"post","link":"https:\/\/www.popkulturjunkie.de\/wp\/?p=3294","title":{"rendered":"five to watch (8. November 2007)."},"content":{"rendered":"<p>In den kommenden Tagen werde ich eine neue Rubrik ausprobieren &#8211; und wenn mir das Ergebnis danach gef\u00c3\u00a4llt, wird sie eine st\u00c3\u00a4ndige Einrichtung in diesem Blog: &#8220;five to watch&#8221;. Ich werde dort t\u00c3\u00a4glich f\u00c3\u00bcnf Fernsehtipps geben &#8211; vier aus dem Free-TV und einen aus dem Pay-TV. Die Empfehlungen richten sich dabei ausschlie\u00c3\u0178lich an meinem pers\u00c3\u00b6nlichen Geschmack aus und nicht an irgendwelchen Hypes oder Programmzeitschriften. Vielleicht kann ich dem einen oder anderen auf diesem Wege ja auch zeigen, dass das Fernsehen auf keinen Fall ein Trashmedium sein muss &#8211; wenn man sich die Perlen herauspickt. Beginnen wir also mit den Empfehlungen f\u00c3\u00bcr Donnerstag, den 8. November 2007:<\/p>\n<p>Free-TV:<br \/>\n1. Contergan (2): Der Prozess \/ Das Erste \/ 20.15-21.45<br \/>\nNach dem herausragenden ersten Film am Mittwoch ist der Abschluss des ARD-Zweiteilers ein absolutes Muss.<\/p>\n<p>2. Doch! \/ 3sat \/ 22.25-23.45<br \/>\nEine deutsche Doku, die drei Frauen und drei M\u00c3\u00a4nner begleitet, die am Tourette-Syndrom leiden. Klingt extrem interessant.<\/p>\n<p>3. Gordon Ramsay &#8211; Chef ohne Gnade \/ DMAX \/ 21.15-22.15<br \/>\nDas britische Original von &#8220;Rach &#8211; Der Restauranttester&#8221;. Ich habe noch keine Episode gesehen, doch Ramsay soll tausendmal h\u00c3\u00a4rter sein als Rach. Ich bin gespannt.<\/p>\n<p>4. Without a Trace &#8211; Spurlos verschwunden \/ Sat.1 \/ 20.15-21.15<br \/>\nEine meiner Lieblings-US-Serien. Anthony LaPaglia ist ein exzellenter Schauspieler, die Geschichten sind meist hochspannend und der Einsatz von Musik oft sehr passend. Heute l\u00c3\u00a4uft die 14. Folge der 5. Staffel, &#8220;Die Br\u00c3\u00bccke&#8221;.<\/p>\n<p>Pay-TV:<br \/>\n5. Willenbrock \/ Premiere Filmfest \/ 00.15-02.00<br \/>\nEin toller kleiner Film von Andreas Dresen. Der gro\u00c3\u0178artige Axel Prahl spielt einen erfolgreichen Gebrauchtwagenh\u00c3\u00a4ndler, den ein \u00c3\u0153berfall v\u00c3\u00b6llig aus der Bahn wirft.<\/p>\n","protected":false},"excerpt":{"rendered":"<p>In den kommenden Tagen werde ich eine neue Rubrik ausprobieren &#8211; und wenn mir das Ergebnis danach gef\u00c3\u00a4llt, wird sie eine st\u00c3\u00a4ndige Einrichtung in diesem Blog: &#8220;five to watch&#8221;. Ich werde dort t\u00c3\u00a4glich f\u00c3\u00bcnf Fernsehtipps geben &#8211; vier aus dem Free-TV und einen aus dem Pay-TV. Die Empfehlungen richten sich dabei ausschlie\u00c3\u0178lich an meinem pers\u00c3\u00b6nlichen [&hellip;]<\/p>\n","protected":false},"author":1,"featured_media":0,"comment_status":"open","ping_status":"open","sticky":false,"template":"","format":"standard","meta":{"footnotes":""},"categories":[],"tags":[],"_links":{"self":[{"href":"https:\/\/www.popkulturjunkie.de\/wp\/index.php?rest_route=\/wp\/v2\/posts\/3294"}],"collection":[{"href":"https:\/\/www.popkulturjunkie.de\/wp\/index.php?rest_route=\/wp\/v2\/posts"}],"about":[{"href":"https:\/\/www.popkulturjunkie.de\/wp\/index.php?rest_route=\/wp\/v2\/types\/post"}],"author":[{"embeddable":true,"href":"https:\/\/www.popkulturjunkie.de\/wp\/index.php?rest_route=\/wp\/v2\/users\/1"}],"replies":[{"embeddable":true,"href":"https:\/\/www.popkulturjunkie.de\/wp\/index.php?rest_route=%2Fwp%2Fv2%2Fcomments&post=3294"}],"version-history":[{"count":0,"href":"https:\/\/www.popkulturjunkie.de\/wp\/index.php?rest_route=\/wp\/v2\/posts\/3294\/revisions"}],"wp:attachment":[{"href":"https:\/\/www.popkulturjunkie.de\/wp\/index.php?rest_route=%2Fwp%2Fv2%2Fmedia&parent=3294"}],"wp:term":[{"taxonomy":"category","embeddable":true,"href":"https:\/\/www.popkulturjunkie.de\/wp\/index.php?rest_route=%2Fwp%2Fv2%2Fcategories&post=3294"},{"taxonomy":"post_tag","embeddable":true,"href":"https:\/\/www.popkulturjunkie.de\/wp\/index.php?rest_route=%2Fwp%2Fv2%2Ftags&post=3294"}],"curies":[{"name":"wp","href":"https:\/\/api.w.org\/{rel}","templated":true}]}}