{"id":3300,"date":"2007-11-12T09:00:07","date_gmt":"2007-11-12T08:00:07","guid":{"rendered":"http:\/\/www.popkulturjunkie.de\/wp\/?p=3300"},"modified":"2007-11-12T09:00:07","modified_gmt":"2007-11-12T08:00:07","slug":"five-to-watch-12-november-2007","status":"publish","type":"post","link":"https:\/\/www.popkulturjunkie.de\/wp\/?p=3300","title":{"rendered":"five to watch (12. November 2007)."},"content":{"rendered":"<p>In \u00e2\u20ac\u0153five to watch\u00e2\u20ac\u009d gebe ich t\u00c3\u00a4glich f\u00c3\u00bcnf Fernsehtipps &#8211; vier aus dem Free-TV und einen aus dem Pay-TV. Die Empfehlungen richten sich dabei ausschlie\u00c3\u0178lich an meinem pers\u00c3\u00b6nlichen Geschmack aus und nicht an irgendwelchen Hypes oder Programmzeitschriften. Hier sind die Empfehlungen f\u00c3\u00bcr Montag, den 12. November 2007:<\/p>\n<p>Free-TV:<br \/>\n1. Die Au\u00c3\u0178erirdischen \/ arte \/ 22.55-23.50<br \/>\nDie erste Folge einer zweiteiligen umfassenden Doku, die der Frage auf den Grund geht, ob es Au\u00c3\u0178erdiridische geht und dabei vom Ufologen bis zur UNO jeden fragt, der etwas zum Thema beisteuern kann.<\/p>\n<p>2. Antik\u00c3\u00b6rper \/ ZDF \/ 22.15-00.15<br \/>\nEin f\u00c3\u00bcr deutsche Verh\u00c3\u00a4ltnisse ungew\u00c3\u00b6hnlich harter Serienkiller-Thriller mit guter Besetzung (Wotan Wilke M\u00c3\u00b6hring, Andr\u00c3\u00a9 Hennicke). F\u00c3\u00bcr Leute mit starken Nerven ein Muss.<\/p>\n<p>3. Lost \/ ProSieben \/ 21.15-22.15<br \/>\nDie &#8220;Lost&#8221;-Quoten bringen derzeit nicht gerade ein Grinsen auf die Gesichter der ProSieben-Verantwortlichen. Dabei ist die Serie doch so so so gut. Auch die derzeit bei ProSieben ausgestrahlte Staffel gewinnt sp\u00c3\u00a4ter wieder an Fahrt &#8211; also unbedingt einschalten und dranbleiben.<\/p>\n<p>4. The Good, The Bad &#038; The Queen \/ ZDFtheaterkanal \/ 18.10-19.00<br \/>\n50-min\u00c3\u00bctiger Konzertmitschnitt vom diesj\u00c3\u00a4hrigen Hurricane Festival. Regie: Hannes Rossacher.<\/p>\n<p>Pay-TV:<br \/>\n5. Flug 93 \/ Premiere 4 \/ 20.15-22.05<br \/>\nDer wohl eindrucksvollste und beklemmendste Film zur 9\/11-Thematik. Das Doku-Drama schildert die Geschehnisse an Bord des Flugzeugs, das als einziges sein Ziel nicht erreichte, weil die Passagiere es vorher zum Absturz brachten. Ein grandioser Film.<\/p>\n","protected":false},"excerpt":{"rendered":"<p>In \u00e2\u20ac\u0153five to watch\u00e2\u20ac\u009d gebe ich t\u00c3\u00a4glich f\u00c3\u00bcnf Fernsehtipps &#8211; vier aus dem Free-TV und einen aus dem Pay-TV. Die Empfehlungen richten sich dabei ausschlie\u00c3\u0178lich an meinem pers\u00c3\u00b6nlichen Geschmack aus und nicht an irgendwelchen Hypes oder Programmzeitschriften. Hier sind die Empfehlungen f\u00c3\u00bcr Montag, den 12. November 2007: Free-TV: 1. Die Au\u00c3\u0178erirdischen \/ arte \/ 22.55-23.50 [&hellip;]<\/p>\n","protected":false},"author":1,"featured_media":0,"comment_status":"open","ping_status":"open","sticky":false,"template":"","format":"standard","meta":{"footnotes":""},"categories":[],"tags":[],"_links":{"self":[{"href":"https:\/\/www.popkulturjunkie.de\/wp\/index.php?rest_route=\/wp\/v2\/posts\/3300"}],"collection":[{"href":"https:\/\/www.popkulturjunkie.de\/wp\/index.php?rest_route=\/wp\/v2\/posts"}],"about":[{"href":"https:\/\/www.popkulturjunkie.de\/wp\/index.php?rest_route=\/wp\/v2\/types\/post"}],"author":[{"embeddable":true,"href":"https:\/\/www.popkulturjunkie.de\/wp\/index.php?rest_route=\/wp\/v2\/users\/1"}],"replies":[{"embeddable":true,"href":"https:\/\/www.popkulturjunkie.de\/wp\/index.php?rest_route=%2Fwp%2Fv2%2Fcomments&post=3300"}],"version-history":[{"count":0,"href":"https:\/\/www.popkulturjunkie.de\/wp\/index.php?rest_route=\/wp\/v2\/posts\/3300\/revisions"}],"wp:attachment":[{"href":"https:\/\/www.popkulturjunkie.de\/wp\/index.php?rest_route=%2Fwp%2Fv2%2Fmedia&parent=3300"}],"wp:term":[{"taxonomy":"category","embeddable":true,"href":"https:\/\/www.popkulturjunkie.de\/wp\/index.php?rest_route=%2Fwp%2Fv2%2Fcategories&post=3300"},{"taxonomy":"post_tag","embeddable":true,"href":"https:\/\/www.popkulturjunkie.de\/wp\/index.php?rest_route=%2Fwp%2Fv2%2Ftags&post=3300"}],"curies":[{"name":"wp","href":"https:\/\/api.w.org\/{rel}","templated":true}]}}