{"id":3357,"date":"2007-12-15T20:03:35","date_gmt":"2007-12-15T19:03:35","guid":{"rendered":"http:\/\/www.popkulturjunkie.de\/wp\/?p=3357"},"modified":"2007-12-15T20:03:35","modified_gmt":"2007-12-15T19:03:35","slug":"five-to-watch-15-dezember-2007","status":"publish","type":"post","link":"https:\/\/www.popkulturjunkie.de\/wp\/?p=3357","title":{"rendered":"five to watch (15. dezember 2007)."},"content":{"rendered":"<p>In \u00e2\u20ac\u0153five to watch\u00e2\u20ac\u009d gebe ich t\u00c3\u00a4glich f\u00c3\u00bcnf Fernsehtipps &#8211; vier aus dem Free-TV und einen aus dem Pay-TV. Die Empfehlungen richten sich dabei ausschlie\u00c3\u0178lich an meinem pers\u00c3\u00b6nlichen Geschmack aus und nicht an irgendwelchen Hypes oder Programmzeitschriften. Hier sind die Empfehlungen f\u00c3\u00bcr Samstag, den 15. Dezember 2007:<\/p>\n<p>Free-TV:<br \/>\n1. Strange Days \/ kabel eins \/ 22.40-01.30<br \/>\nGrandioser d\u00c3\u00bcster-dreckiger Sci-Fi-Endzeit-Thriller von 1995, der im L.A. der Jahrtausendwende spielt. In den Hauptrollen u.a. Ralph Fiennes und Juliette Lewis.<\/p>\n<p>2. Schlag den Raab \/ ProSieben \/ 20.15-23.50<br \/>\nPerfekte Samstagabendunterhaltung und die einzige gro\u00c3\u0178e TV-Show-Innovation der vergangenen Jahre.<\/p>\n<p>3. Es geschah am hellichten Tag \/ Das Erste \/ 22.55-00.20<br \/>\nNico Hofmanns Remake des 50er-Jahre-Krimis &#8211; urspr\u00c3\u00bcnglich f\u00c3\u00bcr Sat.1 gedreht. Im Original mit Heinz R\u00c3\u00bchmann und Gert Fr\u00c3\u00b6be &#8211; hier mit Joachim Krol, Axel Milberg, Barbara Rudnik, Heino Ferch undundund.<\/p>\n<p>4. Kr\u00c3\u00b6mer &#8211; Die internationale Show special \/ rbb Fernsehen \/ 20.15-23.35<br \/>\nWer keine Lust auf Raab hat und die erste Staffel der neuen Kr\u00c3\u00b6mer-Show noch nicht kennt (Sie lief im Ersten ja mitten in der Nacht), kann sich heute alle Folgen am St\u00c3\u00bcck anschauen.<\/p>\n<p>Pay-TV:<br \/>\n5. Lost \/ Premiere Serie \/ 20.15-06.45<br \/>\nApropos &#8220;am St\u00c3\u00bcck&#8221;: Premiere Serie zeigt 15 &#8220;Lost&#8221;-Episoden hintereinander. Das Ende der ersten Staffel und den Anfang der zweiten Staffel. Am vergangenen Samstag liefen die ersten 15 Folgen, am kommenden Samstag gibt es einen weiteren Marathon.<\/p>\n","protected":false},"excerpt":{"rendered":"<p>In \u00e2\u20ac\u0153five to watch\u00e2\u20ac\u009d gebe ich t\u00c3\u00a4glich f\u00c3\u00bcnf Fernsehtipps &#8211; vier aus dem Free-TV und einen aus dem Pay-TV. Die Empfehlungen richten sich dabei ausschlie\u00c3\u0178lich an meinem pers\u00c3\u00b6nlichen Geschmack aus und nicht an irgendwelchen Hypes oder Programmzeitschriften. Hier sind die Empfehlungen f\u00c3\u00bcr Samstag, den 15. Dezember 2007: Free-TV: 1. Strange Days \/ kabel eins \/ [&hellip;]<\/p>\n","protected":false},"author":1,"featured_media":0,"comment_status":"open","ping_status":"open","sticky":false,"template":"","format":"standard","meta":{"footnotes":""},"categories":[],"tags":[],"_links":{"self":[{"href":"https:\/\/www.popkulturjunkie.de\/wp\/index.php?rest_route=\/wp\/v2\/posts\/3357"}],"collection":[{"href":"https:\/\/www.popkulturjunkie.de\/wp\/index.php?rest_route=\/wp\/v2\/posts"}],"about":[{"href":"https:\/\/www.popkulturjunkie.de\/wp\/index.php?rest_route=\/wp\/v2\/types\/post"}],"author":[{"embeddable":true,"href":"https:\/\/www.popkulturjunkie.de\/wp\/index.php?rest_route=\/wp\/v2\/users\/1"}],"replies":[{"embeddable":true,"href":"https:\/\/www.popkulturjunkie.de\/wp\/index.php?rest_route=%2Fwp%2Fv2%2Fcomments&post=3357"}],"version-history":[{"count":0,"href":"https:\/\/www.popkulturjunkie.de\/wp\/index.php?rest_route=\/wp\/v2\/posts\/3357\/revisions"}],"wp:attachment":[{"href":"https:\/\/www.popkulturjunkie.de\/wp\/index.php?rest_route=%2Fwp%2Fv2%2Fmedia&parent=3357"}],"wp:term":[{"taxonomy":"category","embeddable":true,"href":"https:\/\/www.popkulturjunkie.de\/wp\/index.php?rest_route=%2Fwp%2Fv2%2Fcategories&post=3357"},{"taxonomy":"post_tag","embeddable":true,"href":"https:\/\/www.popkulturjunkie.de\/wp\/index.php?rest_route=%2Fwp%2Fv2%2Ftags&post=3357"}],"curies":[{"name":"wp","href":"https:\/\/api.w.org\/{rel}","templated":true}]}}