{"id":3418,"date":"2008-01-08T19:57:55","date_gmt":"2008-01-08T18:57:55","guid":{"rendered":"http:\/\/www.popkulturjunkie.de\/wp\/?p=3418"},"modified":"2008-01-08T19:57:55","modified_gmt":"2008-01-08T18:57:55","slug":"five-to-watch-8-januar-2008","status":"publish","type":"post","link":"https:\/\/www.popkulturjunkie.de\/wp\/?p=3418","title":{"rendered":"five to watch (8. januar 2008)."},"content":{"rendered":"<p>In \u00e2\u20ac\u0153five to watch\u00e2\u20ac\u009d gebe ich t\u00c3\u00a4glich f\u00c3\u00bcnf Fernsehtipps &#8211; vier aus dem Free-TV und einen aus dem Pay-TV. Die Empfehlungen richten sich dabei ausschlie\u00c3\u0178lich an meinem pers\u00c3\u00b6nlichen Geschmack aus und nicht an irgendwelchen Hypes oder Programmzeitschriften. Hier sind die Empfehlungen f\u00c3\u00bcr Dienstag, den 8. Januar 2008:<\/p>\n<p>Free-TV:<br \/>\n1. Switch Reloaded \/ ProSieben \/ 22.15-22.45<br \/>\nNach all den miesen Comedy-Neustarts der vergangenen Tage ist es umso wichtiger in Erinnerung zu rufen, dass es auch gute Comedy im Fernsehen gibt: &#8220;Switch Reloaded&#8221; geh\u00c3\u00b6rt definitiv dazu.<\/p>\n<p>2. Das Meer in mir \/ rbb Fernsehen \/ 22.50-00.50<br \/>\nEin sehr bewegender spanischer Film \u00c3\u00bcber einen vom Hals abw\u00c3\u00a4rts Gel\u00c3\u00a4hmten, der vor Gericht um das Recht zu Sterben k\u00c3\u00a4mpft. Regie: Alejandro Amen\u00c3\u00a1bar (&#8220;The Others&#8221;).<\/p>\n<p>3. Zwischen den Fronten \/ ZDF \/ 22.45-23.30<br \/>\nPeter Scholl-Latour und Gero von Boehm berichten in diesem Zweiteiler \u00c3\u00bcber &#8220;die neuen Achsen der Macht&#8221;. Heute: USA, Russland, China.<\/p>\n<p>4. Der unbekannte Soldat \/ arte \/ 23.05-00.40<br \/>\nMichael Verhoeven hat eine Doku \u00c3\u00bcber die Rolle der deutschen Wehrmacht bei den Verbrechen w\u00c3\u00a4hrend des zweiten Weltkriegs gedreht. Sicher sehenswert.<\/p>\n<p>Pay-TV:<br \/>\n5. Requiem \/ Premiere Filmfest \/ 22.10-23.40<br \/>\nNeulich nochmal gesehen. Wirklich einer der fabelhaftesten Filme der neueren deutschen Kinogeschichte: Hans-Christian Schmids Exorzismus-Drama.<\/p>\n","protected":false},"excerpt":{"rendered":"<p>In \u00e2\u20ac\u0153five to watch\u00e2\u20ac\u009d gebe ich t\u00c3\u00a4glich f\u00c3\u00bcnf Fernsehtipps &#8211; vier aus dem Free-TV und einen aus dem Pay-TV. Die Empfehlungen richten sich dabei ausschlie\u00c3\u0178lich an meinem pers\u00c3\u00b6nlichen Geschmack aus und nicht an irgendwelchen Hypes oder Programmzeitschriften. Hier sind die Empfehlungen f\u00c3\u00bcr Dienstag, den 8. Januar 2008: Free-TV: 1. Switch Reloaded \/ ProSieben \/ 22.15-22.45 [&hellip;]<\/p>\n","protected":false},"author":1,"featured_media":0,"comment_status":"open","ping_status":"open","sticky":false,"template":"","format":"standard","meta":{"footnotes":""},"categories":[],"tags":[],"_links":{"self":[{"href":"https:\/\/www.popkulturjunkie.de\/wp\/index.php?rest_route=\/wp\/v2\/posts\/3418"}],"collection":[{"href":"https:\/\/www.popkulturjunkie.de\/wp\/index.php?rest_route=\/wp\/v2\/posts"}],"about":[{"href":"https:\/\/www.popkulturjunkie.de\/wp\/index.php?rest_route=\/wp\/v2\/types\/post"}],"author":[{"embeddable":true,"href":"https:\/\/www.popkulturjunkie.de\/wp\/index.php?rest_route=\/wp\/v2\/users\/1"}],"replies":[{"embeddable":true,"href":"https:\/\/www.popkulturjunkie.de\/wp\/index.php?rest_route=%2Fwp%2Fv2%2Fcomments&post=3418"}],"version-history":[{"count":0,"href":"https:\/\/www.popkulturjunkie.de\/wp\/index.php?rest_route=\/wp\/v2\/posts\/3418\/revisions"}],"wp:attachment":[{"href":"https:\/\/www.popkulturjunkie.de\/wp\/index.php?rest_route=%2Fwp%2Fv2%2Fmedia&parent=3418"}],"wp:term":[{"taxonomy":"category","embeddable":true,"href":"https:\/\/www.popkulturjunkie.de\/wp\/index.php?rest_route=%2Fwp%2Fv2%2Fcategories&post=3418"},{"taxonomy":"post_tag","embeddable":true,"href":"https:\/\/www.popkulturjunkie.de\/wp\/index.php?rest_route=%2Fwp%2Fv2%2Ftags&post=3418"}],"curies":[{"name":"wp","href":"https:\/\/api.w.org\/{rel}","templated":true}]}}