{"id":3490,"date":"2008-02-12T15:12:27","date_gmt":"2008-02-12T14:12:27","guid":{"rendered":"http:\/\/www.popkulturjunkie.de\/wp\/?p=3490"},"modified":"2008-02-12T17:47:39","modified_gmt":"2008-02-12T16:47:39","slug":"five-to-watch-12-februar-2008","status":"publish","type":"post","link":"https:\/\/www.popkulturjunkie.de\/wp\/?p=3490","title":{"rendered":"five to watch (12. februar 2008)."},"content":{"rendered":"<p>In \u00e2\u20ac\u0153five to watch\u00e2\u20ac\u009d gebe ich t\u00c3\u00a4glich f\u00c3\u00bcnf Fernsehtipps &#8211; vier aus dem Free-TV und einen aus dem Pay-TV. Die Empfehlungen richten sich dabei ausschlie\u00c3\u0178lich an meinem pers\u00c3\u00b6nlichen Geschmack aus und nicht an irgendwelchen Hypes oder Programmzeitschriften. Hier sind die Empfehlungen f\u00c3\u00bcr Dienstag, den 12. Februar 2008:<\/p>\n<p>Free-TV:<br \/>\n<strike>1. Dancer in the Dark \/ NDR Fernsehen \/ 23.00-01.15<br \/>\n\u00c3\u0153beraus sehenswerte und ber\u00c3\u00bchrende Musicaltrag\u00c3\u00b6die von Lars von Trier mit einer herausragenden Bj\u00c3\u00b6rk.<\/strike><\/p>\n<p>1. Helmut Schmidt au\u00c3\u0178er Dienst \/ NDR Fernsehen \/ 23.00-00.30<br \/>\nDer NDR hat &#8220;Dancer in the Dark&#8221; &#8211; warum auch immer &#8211; kurzfristig aus dem Programm genommen und zeigt stattdessen nochmal Sandra Maischbergers Helmut-Schmidt-Portr\u00c3\u00a4t. Das ist zwar ebenfalls extrem sehenswert &#8211; trotzdem ist es schade, dass &#8220;Dancer in the Dark&#8221; nicht gezeigt wird.<\/p>\n<p>2. Dornr\u00c3\u00b6schen erwacht \/ 3sat \/ 20.15-21.45<br \/>\nPsychothriller mit Ulrich Tukur und Nadja Uhl, die nach drei Jahren im Koma Lebensl\u00c3\u00bccken aufkl\u00c3\u00a4ren will.<\/p>\n<p>3. Die Kinder sind tot \/ Bayerisches Fernsehen \/ 23.25-00.45<br \/>\nBewegende Doku \u00c3\u00bcber eine 23-J\u00c3\u00a4hrige, die ihre Kinder verdursten lassen hat.<\/p>\n<p>4. ttt &#8211; extra: Die Berlinale \/ Das Erste \/ 00.00-00.30<br \/>\nDieter Moor pr\u00c3\u00a4sentiert eine 30-Minuten-Essenz der Berlinale.<\/p>\n<p>Pay-TV:<br \/>\n5. Die Verdammten des Krieges \/ Premiere Filmclassics \/ 20.15-22.05<br \/>\nMichael J. Fox zeigt in Brian DePalmas Kriegsdrama, was f\u00c3\u00bcr ein grandioser Schauspieler er abseits der vielen Kom\u00c3\u00b6dien sein konnte.<\/p>\n","protected":false},"excerpt":{"rendered":"<p>In \u00e2\u20ac\u0153five to watch\u00e2\u20ac\u009d gebe ich t\u00c3\u00a4glich f\u00c3\u00bcnf Fernsehtipps &#8211; vier aus dem Free-TV und einen aus dem Pay-TV. Die Empfehlungen richten sich dabei ausschlie\u00c3\u0178lich an meinem pers\u00c3\u00b6nlichen Geschmack aus und nicht an irgendwelchen Hypes oder Programmzeitschriften. Hier sind die Empfehlungen f\u00c3\u00bcr Dienstag, den 12. Februar 2008: Free-TV: 1. Dancer in the Dark \/ NDR [&hellip;]<\/p>\n","protected":false},"author":1,"featured_media":0,"comment_status":"open","ping_status":"open","sticky":false,"template":"","format":"standard","meta":{"footnotes":""},"categories":[],"tags":[],"_links":{"self":[{"href":"https:\/\/www.popkulturjunkie.de\/wp\/index.php?rest_route=\/wp\/v2\/posts\/3490"}],"collection":[{"href":"https:\/\/www.popkulturjunkie.de\/wp\/index.php?rest_route=\/wp\/v2\/posts"}],"about":[{"href":"https:\/\/www.popkulturjunkie.de\/wp\/index.php?rest_route=\/wp\/v2\/types\/post"}],"author":[{"embeddable":true,"href":"https:\/\/www.popkulturjunkie.de\/wp\/index.php?rest_route=\/wp\/v2\/users\/1"}],"replies":[{"embeddable":true,"href":"https:\/\/www.popkulturjunkie.de\/wp\/index.php?rest_route=%2Fwp%2Fv2%2Fcomments&post=3490"}],"version-history":[{"count":0,"href":"https:\/\/www.popkulturjunkie.de\/wp\/index.php?rest_route=\/wp\/v2\/posts\/3490\/revisions"}],"wp:attachment":[{"href":"https:\/\/www.popkulturjunkie.de\/wp\/index.php?rest_route=%2Fwp%2Fv2%2Fmedia&parent=3490"}],"wp:term":[{"taxonomy":"category","embeddable":true,"href":"https:\/\/www.popkulturjunkie.de\/wp\/index.php?rest_route=%2Fwp%2Fv2%2Fcategories&post=3490"},{"taxonomy":"post_tag","embeddable":true,"href":"https:\/\/www.popkulturjunkie.de\/wp\/index.php?rest_route=%2Fwp%2Fv2%2Ftags&post=3490"}],"curies":[{"name":"wp","href":"https:\/\/api.w.org\/{rel}","templated":true}]}}