{"id":3492,"date":"2008-02-12T18:53:45","date_gmt":"2008-02-12T17:53:45","guid":{"rendered":"http:\/\/www.popkulturjunkie.de\/wp\/?p=3492"},"modified":"2008-02-12T19:34:21","modified_gmt":"2008-02-12T18:34:21","slug":"tv-test-der-kaiser-von-schexing","status":"publish","type":"post","link":"https:\/\/www.popkulturjunkie.de\/wp\/?p=3492","title":{"rendered":"tv-test: &#8220;der kaiser von schexing&#8221;."},"content":{"rendered":"<p>Format: &#8220;Der Kaiser von Schexing&#8221;<br \/>\nSender: Bayerisches Fernsehen<br \/>\nProduktion: Bayerischer Rundfunk<br \/>\nGenre: Serie<br \/>\nProgrammplatz: freitags, 21.35 Uhr<br \/>\nFrequenz: w\u00c3\u00b6chentlich<br \/>\nDauer: 25 Minuten<br \/>\nStart: 8. Februar 2008<\/p>\n<p>Kritik: Franz Xaver Bogner wird ja gern als gro\u00c3\u0178er bayerischer Fernsehmacher gefeiert, der mit Serien wie &#8220;Caf\u00c3\u00a9 Meineid&#8221; und &#8220;M\u00c3\u00bcnchen 7&#8221; Genrema\u00c3\u0178st\u00c3\u00a4be gesetzt hat. So ganz verstanden hab ich das noch nie, aber hier soll es ja nur um seinen neuesten Mehrteiler &#8220;Der Kaiser von Schexing&#8221; gehen. In der Serie gibt es einen neuen B\u00c3\u00bcrgermeister, Hannes Kaiser, der den Job macht, weil sonst niemand wollte. Also holte man Kaiser, der sich jahrelang in aller Welt herumtrieb zur\u00c3\u00bcck. Die eigentlich M\u00c3\u00a4chtigen sind ohnehin der umtriebige K\u00c3\u00a4mmerer und die Gesch\u00c3\u00a4ftsleiterin. Mit denen muss sich B\u00c3\u00bcrgermeister Kaiser nun ebenso herum\u00c3\u00a4rgern wie mit seinem reichen Vater, dem Landrat und anderen d\u00c3\u00b6rflichen Machthabern. &#8220;Der Kaiser von Schexing&#8221; ist eine nette Serie, doch so richtig verstehe ich nicht, was sie von mir will. Will sie lustig sein? Eine Satire auf Kommunalpolitik? So richtig schafft sie das nicht. Daf\u00c3\u00bcr bleibt sie n\u00c3\u00a4mlich zu zahm und austauschbar.<\/p>\n<p>Wertung: 5 von 10 Punkten.<\/p>\n","protected":false},"excerpt":{"rendered":"<p>Format: &#8220;Der Kaiser von Schexing&#8221; Sender: Bayerisches Fernsehen Produktion: Bayerischer Rundfunk Genre: Serie Programmplatz: freitags, 21.35 Uhr Frequenz: w\u00c3\u00b6chentlich Dauer: 25 Minuten Start: 8. Februar 2008 Kritik: Franz Xaver Bogner wird ja gern als gro\u00c3\u0178er bayerischer Fernsehmacher gefeiert, der mit Serien wie &#8220;Caf\u00c3\u00a9 Meineid&#8221; und &#8220;M\u00c3\u00bcnchen 7&#8221; Genrema\u00c3\u0178st\u00c3\u00a4be gesetzt hat. So ganz verstanden hab ich [&hellip;]<\/p>\n","protected":false},"author":1,"featured_media":0,"comment_status":"open","ping_status":"open","sticky":false,"template":"","format":"standard","meta":{"footnotes":""},"categories":[],"tags":[],"_links":{"self":[{"href":"https:\/\/www.popkulturjunkie.de\/wp\/index.php?rest_route=\/wp\/v2\/posts\/3492"}],"collection":[{"href":"https:\/\/www.popkulturjunkie.de\/wp\/index.php?rest_route=\/wp\/v2\/posts"}],"about":[{"href":"https:\/\/www.popkulturjunkie.de\/wp\/index.php?rest_route=\/wp\/v2\/types\/post"}],"author":[{"embeddable":true,"href":"https:\/\/www.popkulturjunkie.de\/wp\/index.php?rest_route=\/wp\/v2\/users\/1"}],"replies":[{"embeddable":true,"href":"https:\/\/www.popkulturjunkie.de\/wp\/index.php?rest_route=%2Fwp%2Fv2%2Fcomments&post=3492"}],"version-history":[{"count":0,"href":"https:\/\/www.popkulturjunkie.de\/wp\/index.php?rest_route=\/wp\/v2\/posts\/3492\/revisions"}],"wp:attachment":[{"href":"https:\/\/www.popkulturjunkie.de\/wp\/index.php?rest_route=%2Fwp%2Fv2%2Fmedia&parent=3492"}],"wp:term":[{"taxonomy":"category","embeddable":true,"href":"https:\/\/www.popkulturjunkie.de\/wp\/index.php?rest_route=%2Fwp%2Fv2%2Fcategories&post=3492"},{"taxonomy":"post_tag","embeddable":true,"href":"https:\/\/www.popkulturjunkie.de\/wp\/index.php?rest_route=%2Fwp%2Fv2%2Ftags&post=3492"}],"curies":[{"name":"wp","href":"https:\/\/api.w.org\/{rel}","templated":true}]}}