{"id":3533,"date":"2008-03-03T17:05:58","date_gmt":"2008-03-03T16:05:58","guid":{"rendered":"http:\/\/www.popkulturjunkie.de\/wp\/?p=3533"},"modified":"2008-03-03T17:05:58","modified_gmt":"2008-03-03T16:05:58","slug":"five-to-watch-3-marz-2008","status":"publish","type":"post","link":"https:\/\/www.popkulturjunkie.de\/wp\/?p=3533","title":{"rendered":"five to watch (3. m\u00c3\u00a4rz 2008)."},"content":{"rendered":"<p>Film, Dokus, Serie, Reportagen-Spielshow-Mix &#8211; alles dabei. Hier sind meine TV-Empfehlungen f\u00c3\u00bcr Montag, den 3. M\u00c3\u00a4rz 2008:<\/p>\n<p>Free-TV:<br \/>\n1. Die Gustloff \/ ZDF \/ 20.15-21.45<br \/>\nAbschluss des gro\u00c3\u0178en ZDF-Zweiteilers. Heute wird&#8217;s Titanic-esk.<\/p>\n<p>2. Helmut Schmidt au\u00c3\u0178er Dienst \/ 3sat \/ 20.15-21.45<br \/>\nWer dieses herausragende Portr\u00c3\u00a4t von Sandra Maischberger noch nicht gesehen hat, holt das bitte sofort nach.<\/p>\n<p>3. Nemesis &#8211; Der Angriff \/ ProSieben \/ 22.10-23.05<br \/>\nAuftakt der leider kurzlebigen gelungenen Au\u00c3\u0178erirdische-greifen-die-Erde-an-Serie von Brannon Braga.<\/p>\n<p>4. 1-2-3 Moskau. In 7 Tagen durch Osteuropa \/ 3sat \/ 22.25-22.55<br \/>\nDas Konzept klingt gut: Katrin Bauerfeind (&#8220;Ehrensenf&#8221;) und Henning Wehland (H-Blockx) liefern sich ein 7-Tage-Rennen von Berlin nach Moskau und m\u00c3\u00bcssen unterwegs Aufgaben erf\u00c3\u00bcllen. Ob die Umsetzung trotz Bauerfeinds latenter Nervigkeit gelingt? Ich hoffe.<\/p>\n<p>Pay-TV:<br \/>\n5. Fernsehen unter dem Hakenkreuz \/ Discovery Geschichte \/ 20.15-21.10<br \/>\nUngew\u00c3\u00b6hnliche Einblicke in die Anfangstage des Mediums.<\/p>\n","protected":false},"excerpt":{"rendered":"<p>Film, Dokus, Serie, Reportagen-Spielshow-Mix &#8211; alles dabei. Hier sind meine TV-Empfehlungen f\u00c3\u00bcr Montag, den 3. M\u00c3\u00a4rz 2008: Free-TV: 1. Die Gustloff \/ ZDF \/ 20.15-21.45 Abschluss des gro\u00c3\u0178en ZDF-Zweiteilers. Heute wird&#8217;s Titanic-esk. 2. Helmut Schmidt au\u00c3\u0178er Dienst \/ 3sat \/ 20.15-21.45 Wer dieses herausragende Portr\u00c3\u00a4t von Sandra Maischberger noch nicht gesehen hat, holt das bitte [&hellip;]<\/p>\n","protected":false},"author":1,"featured_media":0,"comment_status":"open","ping_status":"open","sticky":false,"template":"","format":"standard","meta":{"footnotes":""},"categories":[],"tags":[],"_links":{"self":[{"href":"https:\/\/www.popkulturjunkie.de\/wp\/index.php?rest_route=\/wp\/v2\/posts\/3533"}],"collection":[{"href":"https:\/\/www.popkulturjunkie.de\/wp\/index.php?rest_route=\/wp\/v2\/posts"}],"about":[{"href":"https:\/\/www.popkulturjunkie.de\/wp\/index.php?rest_route=\/wp\/v2\/types\/post"}],"author":[{"embeddable":true,"href":"https:\/\/www.popkulturjunkie.de\/wp\/index.php?rest_route=\/wp\/v2\/users\/1"}],"replies":[{"embeddable":true,"href":"https:\/\/www.popkulturjunkie.de\/wp\/index.php?rest_route=%2Fwp%2Fv2%2Fcomments&post=3533"}],"version-history":[{"count":0,"href":"https:\/\/www.popkulturjunkie.de\/wp\/index.php?rest_route=\/wp\/v2\/posts\/3533\/revisions"}],"wp:attachment":[{"href":"https:\/\/www.popkulturjunkie.de\/wp\/index.php?rest_route=%2Fwp%2Fv2%2Fmedia&parent=3533"}],"wp:term":[{"taxonomy":"category","embeddable":true,"href":"https:\/\/www.popkulturjunkie.de\/wp\/index.php?rest_route=%2Fwp%2Fv2%2Fcategories&post=3533"},{"taxonomy":"post_tag","embeddable":true,"href":"https:\/\/www.popkulturjunkie.de\/wp\/index.php?rest_route=%2Fwp%2Fv2%2Ftags&post=3533"}],"curies":[{"name":"wp","href":"https:\/\/api.w.org\/{rel}","templated":true}]}}