{"id":3547,"date":"2008-03-06T12:45:51","date_gmt":"2008-03-06T11:45:51","guid":{"rendered":"http:\/\/www.popkulturjunkie.de\/wp\/?p=3547"},"modified":"2008-03-06T12:45:51","modified_gmt":"2008-03-06T11:45:51","slug":"five-to-watch-6-marz-2008","status":"publish","type":"post","link":"https:\/\/www.popkulturjunkie.de\/wp\/?p=3547","title":{"rendered":"five to watch (6. m\u00c3\u00a4rz 2008)."},"content":{"rendered":"<p>Ein bisschen Trash-lastig heute &#8211; hier sind meine TV-Empfehlungen f\u00c3\u00bcr Donnerstag, den 6. M\u00c3\u00a4rz 2008:<\/p>\n<p>Free-TV:<br \/>\n1. Grand Prix Vorentscheid 2008 \/ Das Erste \/ 20.15-21.45<br \/>\nWer vertritt Deutschland beim Eurovision Song Contest? Eine Girlgroup auf dem Weg nach unten? Eine Urlaubs-Pop-Band? Eine Musicals\u00c3\u00a4ngerin? Ein Schmuseschlagerist? Oder ein paar Teenie-M\u00c3\u00b6chtegern-Sternchen? Heute abend wird&#8217;s entschieden und ich blogge alles live mit.<\/p>\n<p>2. Die RTL II Geburtstagsshow &#8211; 15 Jahre einfach Spa\u00c3\u0178! \/ RTL II \/ 21.10-23.10<br \/>\nAllein schon aus fernseh-historischen Gr\u00c3\u00bcnden sicher sehenswert. Ausschnitte aus l\u00c3\u00a4ngst vergessenen Sendungen wie &#8220;Peep&#8221; oder Heike Makatschs &#8220;Bravo TV&#8221;. Hoffentlich gibt&#8217;s viele Ausschnitte und wenig doofes Studio-Geblubber.<\/p>\n<p>3. Der schmale Grat \/ Vox \/ 23.00-02.00<br \/>\nHerausragender Kriegsfilm, der bis in die kleinsten Nebenrollen perfekt besetzt ist und \u00c3\u00bcber einen gro\u00c3\u0178artigen Soundtrack von Hans Zimmer verf\u00c3\u00bcgt.<\/p>\n<p>4. Durch die Nacht mit&#8230; \/ arte \/ 00.05-01.00<br \/>\nHeute mit Robert Stadlober und Alec Empire in Wien.<\/p>\n<p>Pay-TV:<br \/>\n5. We will rock you! \/ Discovery Geschichte \/ 21.10-22.00<br \/>\nEine weitere Folge der \u00c3\u00bcberaus gelungenen BBC-Doku-Reihe &#8211; diesmal zum Thema Stadionrock und dementsprechend mit U2, Queen, The Police, etc.<\/p>\n","protected":false},"excerpt":{"rendered":"<p>Ein bisschen Trash-lastig heute &#8211; hier sind meine TV-Empfehlungen f\u00c3\u00bcr Donnerstag, den 6. M\u00c3\u00a4rz 2008: Free-TV: 1. Grand Prix Vorentscheid 2008 \/ Das Erste \/ 20.15-21.45 Wer vertritt Deutschland beim Eurovision Song Contest? Eine Girlgroup auf dem Weg nach unten? Eine Urlaubs-Pop-Band? Eine Musicals\u00c3\u00a4ngerin? Ein Schmuseschlagerist? Oder ein paar Teenie-M\u00c3\u00b6chtegern-Sternchen? Heute abend wird&#8217;s entschieden und [&hellip;]<\/p>\n","protected":false},"author":1,"featured_media":0,"comment_status":"open","ping_status":"open","sticky":false,"template":"","format":"standard","meta":{"footnotes":""},"categories":[],"tags":[],"_links":{"self":[{"href":"https:\/\/www.popkulturjunkie.de\/wp\/index.php?rest_route=\/wp\/v2\/posts\/3547"}],"collection":[{"href":"https:\/\/www.popkulturjunkie.de\/wp\/index.php?rest_route=\/wp\/v2\/posts"}],"about":[{"href":"https:\/\/www.popkulturjunkie.de\/wp\/index.php?rest_route=\/wp\/v2\/types\/post"}],"author":[{"embeddable":true,"href":"https:\/\/www.popkulturjunkie.de\/wp\/index.php?rest_route=\/wp\/v2\/users\/1"}],"replies":[{"embeddable":true,"href":"https:\/\/www.popkulturjunkie.de\/wp\/index.php?rest_route=%2Fwp%2Fv2%2Fcomments&post=3547"}],"version-history":[{"count":0,"href":"https:\/\/www.popkulturjunkie.de\/wp\/index.php?rest_route=\/wp\/v2\/posts\/3547\/revisions"}],"wp:attachment":[{"href":"https:\/\/www.popkulturjunkie.de\/wp\/index.php?rest_route=%2Fwp%2Fv2%2Fmedia&parent=3547"}],"wp:term":[{"taxonomy":"category","embeddable":true,"href":"https:\/\/www.popkulturjunkie.de\/wp\/index.php?rest_route=%2Fwp%2Fv2%2Fcategories&post=3547"},{"taxonomy":"post_tag","embeddable":true,"href":"https:\/\/www.popkulturjunkie.de\/wp\/index.php?rest_route=%2Fwp%2Fv2%2Ftags&post=3547"}],"curies":[{"name":"wp","href":"https:\/\/api.w.org\/{rel}","templated":true}]}}