{"id":729,"date":"2004-08-31T22:36:22","date_gmt":"2004-08-31T21:36:22","guid":{"rendered":"http:\/\/www.popkulturjunkie.de\/wp\/?p=729"},"modified":"-0001-11-30T00:00:00","modified_gmt":"-0001-11-29T23:00:00","slug":"","status":"publish","type":"post","link":"https:\/\/www.popkulturjunkie.de\/wp\/?p=729","title":{"rendered":""},"content":{"rendered":"<p>Gestern Nacht hatte ich ein ungutes Gef\u00fchl. Die Band <a href=\"http:\/\/www.virginia-jetzt.de\/\">Virginia Jetzt!<\/a> spielte bei <a href=\"http:\/\/www.mtv.de\/spin\/\">Herrn Kavka<\/a> das sehr sch\u00f6ne St\u00fcck &#8220;liebeslieder&#8221; vom neuen Album &#8220;<a href=\"http:\/\/www.amazon.de\/exec\/obidos\/ASIN\/B0002UOJWI\/popkulturjunk-21\">anf\u00e4nger<\/a>&#8220;. Und als ich die Textzeile &#8220;das sind mein land, meine menschen. Das ist die Welt, die ich verstehe&#8221; bemerkte, h\u00f6rte ich sie schon laut aufschreien, die Bedenkentr\u00e4ger-Journalisten, die sofort ihre Schublade &#8220;Popmusik mit schlimmen rechtsradikalen Tendenzen&#8221; aufziehen, um nun auch Virginia Jetzt! dort einzuordnen. Meine b\u00f6se Vorahnung sollte sich best\u00e4tigen. Was gibt&#8217;s n\u00e4mlich im eigentlich tollen Magazin &#8220;<a href=\"http:\/\/www.intro.de\/\">intro<\/a>&#8221; von einem gewissen Alexander Lazarek zu lesen? Da wird eben diese Textpassage als &#8220;Issue des volkst\u00fcmlichen Schlagers und Witt&#8217;schen &#8216;Wir sind wir&#8217;-Nationalmiefs&#8221; bezeichnet. Darf denn eine deutschsprachige Band das Wort &#8220;Land&#8221; oder besser noch die Worte &#8220;mein Land&#8221; \u00fcberhaupt nicht mehr verwenden, ohne sofort in irgendeine Ecke gestellt zu werden? Ich bin geneigt, mich zu \u00fcbergeben, wenn ich schon wieder sowas lese. Abgesehen davon, dass Herr Witt nat\u00fcrlich auch nichts mit Heppner\/van Dyks &#8220;Wir sind wir&#8221; zu tun hat. Aber das ist ja eh alles eine braune Sauce, die man ruhig zusammenschmeissen kann&#8230;<\/p>\n","protected":false},"excerpt":{"rendered":"<p>Gestern Nacht hatte ich ein ungutes Gef\u00fchl. Die Band Virginia Jetzt! spielte bei Herrn Kavka das sehr sch\u00f6ne St\u00fcck &#8220;liebeslieder&#8221; vom neuen Album &#8220;anf\u00e4nger&#8220;. Und als ich die Textzeile &#8220;das sind mein land, meine menschen. Das ist die Welt, die ich verstehe&#8221; bemerkte, h\u00f6rte ich sie schon laut aufschreien, die Bedenkentr\u00e4ger-Journalisten, die sofort ihre Schublade [&hellip;]<\/p>\n","protected":false},"author":2,"featured_media":0,"comment_status":"open","ping_status":"open","sticky":false,"template":"","format":"standard","meta":{"footnotes":""},"categories":[1],"tags":[],"_links":{"self":[{"href":"https:\/\/www.popkulturjunkie.de\/wp\/index.php?rest_route=\/wp\/v2\/posts\/729"}],"collection":[{"href":"https:\/\/www.popkulturjunkie.de\/wp\/index.php?rest_route=\/wp\/v2\/posts"}],"about":[{"href":"https:\/\/www.popkulturjunkie.de\/wp\/index.php?rest_route=\/wp\/v2\/types\/post"}],"author":[{"embeddable":true,"href":"https:\/\/www.popkulturjunkie.de\/wp\/index.php?rest_route=\/wp\/v2\/users\/2"}],"replies":[{"embeddable":true,"href":"https:\/\/www.popkulturjunkie.de\/wp\/index.php?rest_route=%2Fwp%2Fv2%2Fcomments&post=729"}],"version-history":[{"count":0,"href":"https:\/\/www.popkulturjunkie.de\/wp\/index.php?rest_route=\/wp\/v2\/posts\/729\/revisions"}],"wp:attachment":[{"href":"https:\/\/www.popkulturjunkie.de\/wp\/index.php?rest_route=%2Fwp%2Fv2%2Fmedia&parent=729"}],"wp:term":[{"taxonomy":"category","embeddable":true,"href":"https:\/\/www.popkulturjunkie.de\/wp\/index.php?rest_route=%2Fwp%2Fv2%2Fcategories&post=729"},{"taxonomy":"post_tag","embeddable":true,"href":"https:\/\/www.popkulturjunkie.de\/wp\/index.php?rest_route=%2Fwp%2Fv2%2Ftags&post=729"}],"curies":[{"name":"wp","href":"https:\/\/api.w.org\/{rel}","templated":true}]}}