{"id":731,"date":"2004-08-30T13:10:24","date_gmt":"2004-08-30T12:10:24","guid":{"rendered":"http:\/\/www.popkulturjunkie.de\/wp\/?p=731"},"modified":"-0001-11-30T00:00:00","modified_gmt":"-0001-11-29T23:00:00","slug":"","status":"publish","type":"post","link":"https:\/\/www.popkulturjunkie.de\/wp\/?p=731","title":{"rendered":""},"content":{"rendered":"<p>So was hier muss doch nicht sein&#8230;<\/p>\n<p>&#8220;STELLUNGNAHME<\/p>\n<p>Aus gegebenem Anlass sieht sich die Gruppe Blumfeld zu folgender Stellungnahme <br \/>zum Thema &#8220;Deutschland. Nation. Heimat und Popmusik&#8221; verpflichtet.<\/p>\n<p>Wie aus unserem Schaffen und Verhalten klar erkennbar sein sollte, <br \/>haben wir es stets abgelehnt, uns in die heimatduselige Front all derer einzureihen, <br \/>die es f\u00fcr angebracht halten, sich in ihrem Denken, F\u00fchlen, Singen und Handeln positiv <br \/>auf Deutschland ( als Kulturnation und Heimat ) zu beziehen. <\/p>\n<p>Wer meint, sich unter dem schwarz-rot-goldenen Deckm\u00e4ntelchen Pop-Musik f\u00fcr <br \/>sein Land z.B. beim Grand Prix stark machen zu m\u00fcssen, <\/p>\n<p>wer mit geschichtsrevisionistischen &#8220;Wir sind wir&#8221;-Parolen zur &#8220;Normalit\u00e4t&#8221; eines <br \/>positiven deutschen Selbstverst\u00e4ndnisses zur\u00fcckkehren will,<\/p>\n<p>wem nichts besseres einf\u00e4llt, als sich auf diversen schw\u00e4rmerischen <br \/>Deutsch-Pop-Compilations ( z.B. Pop 2000, Neue Heimat, Junge Helden ) <br \/>zum Sprachrohr eines neuen deutschen Heimatgef\u00fchls zu formieren, <\/p>\n<p>wem der Sinn danach steht, die deutsche Kulturnation mit einer so genannten <br \/>&#8220;Deutsch-Rock-Quote&#8221; wieder auf Vordermann zu bringen, <\/p>\n<p>wer sich &#8211; warum auch immer &#8211; etwas davon verspricht einer deutscht\u00fcmelnden <br \/>\u00d6ffentlichkeit den kleinen Finger oder mehr zu reichen, <\/p>\n<p>der oder die ist entweder tats\u00e4chlich stolz auf sein Land, darauf ein Deutscher <br \/>zu sein ( warum? wozu? ), vielleicht auch nur etwas zu ( pseudo- ) naiv und <br \/>unreflektiert oder aber eben so erfolgsversessen, dass er oder sie es billigend <br \/>in Kauf nimmt, die in deutschem Namen begangenen Verbrechen und ( Un- ) Taten der<br \/>Vergangenheit und Gegenwart zu ignorieren und vergessen zu machen, <br \/>um seine Zielgruppe zu erreichen.<\/p>\n<p>Dass K\u00fcnstler und K\u00fcnstlerinnen damit auch die eigene Kunst verraten, <br \/>kann und soll jede(r) mit sich selbst ausmachen. <\/p>\n<p>Wer aber meint, Blumfeld als Vordenker f\u00fcr seine Anbiederung an ein <br \/>deutscht\u00fcmelndes ( Massen- ) Publikum missbrauchen bzw. denunzieren zu k\u00f6nnen, <br \/>dem sei mit dieser Mitteilung noch mal ausdr\u00fccklich erkl\u00e4rt, dass wir f\u00fcr derartigen <br \/>Populismus und Vaterlandsliebe jedweder Art nach wie vor nicht zur Verf\u00fcgung stehen.<\/p>\n<p>Blumfeld&#8221;<br \/>(Quelle: blumfeld.de)<\/p>\n","protected":false},"excerpt":{"rendered":"<p>So was hier muss doch nicht sein&#8230; &#8220;STELLUNGNAHME Aus gegebenem Anlass sieht sich die Gruppe Blumfeld zu folgender Stellungnahme zum Thema &#8220;Deutschland. Nation. Heimat und Popmusik&#8221; verpflichtet. Wie aus unserem Schaffen und Verhalten klar erkennbar sein sollte, haben wir es stets abgelehnt, uns in die heimatduselige Front all derer einzureihen, die es f\u00fcr angebracht halten, [&hellip;]<\/p>\n","protected":false},"author":2,"featured_media":0,"comment_status":"open","ping_status":"open","sticky":false,"template":"","format":"standard","meta":{"footnotes":""},"categories":[1],"tags":[],"_links":{"self":[{"href":"https:\/\/www.popkulturjunkie.de\/wp\/index.php?rest_route=\/wp\/v2\/posts\/731"}],"collection":[{"href":"https:\/\/www.popkulturjunkie.de\/wp\/index.php?rest_route=\/wp\/v2\/posts"}],"about":[{"href":"https:\/\/www.popkulturjunkie.de\/wp\/index.php?rest_route=\/wp\/v2\/types\/post"}],"author":[{"embeddable":true,"href":"https:\/\/www.popkulturjunkie.de\/wp\/index.php?rest_route=\/wp\/v2\/users\/2"}],"replies":[{"embeddable":true,"href":"https:\/\/www.popkulturjunkie.de\/wp\/index.php?rest_route=%2Fwp%2Fv2%2Fcomments&post=731"}],"version-history":[{"count":0,"href":"https:\/\/www.popkulturjunkie.de\/wp\/index.php?rest_route=\/wp\/v2\/posts\/731\/revisions"}],"wp:attachment":[{"href":"https:\/\/www.popkulturjunkie.de\/wp\/index.php?rest_route=%2Fwp%2Fv2%2Fmedia&parent=731"}],"wp:term":[{"taxonomy":"category","embeddable":true,"href":"https:\/\/www.popkulturjunkie.de\/wp\/index.php?rest_route=%2Fwp%2Fv2%2Fcategories&post=731"},{"taxonomy":"post_tag","embeddable":true,"href":"https:\/\/www.popkulturjunkie.de\/wp\/index.php?rest_route=%2Fwp%2Fv2%2Ftags&post=731"}],"curies":[{"name":"wp","href":"https:\/\/api.w.org\/{rel}","templated":true}]}}